{"id":25312,"date":"2019-07-30T19:19:17","date_gmt":"2019-07-30T22:19:17","guid":{"rendered":"http:\/\/172.16.0.7\/site-antigo\/?p=25312"},"modified":"2024-10-08T09:18:59","modified_gmt":"2024-10-08T12:18:59","slug":"seguranca-de-apucarana-vai-ganhar-novas-cameras-de-vigilancia","status":"publish","type":"post","link":"http:\/\/www.apucarana.pr.gov.br\/site\/seguranca-de-apucarana-vai-ganhar-novas-cameras-de-vigilancia\/","title":{"rendered":"Seguran\u00e7a de Apucarana vai ganhar novas c\u00e2meras de vigil\u00e2ncia"},"content":{"rendered":"<p>O prefeito Junior da Femac e dos comandantes da Pol\u00edcia Militar, Corpo de Bombeiros e Guarda Municipal de Apucarana iniciaram hoje a discuss\u00e3o para implanta\u00e7\u00e3o de uma estrutura de c\u00e2maras de vigil\u00e2ncia na cidade. Nesta primeira reuni\u00e3o, no gabinete municipal, ficou definido que a prefeitura ir\u00e1 comprar 50 c\u00e2meras e instalar em pontos estrat\u00e9gicos, cujas imagens poder\u00e3o ser acessadas pelas for\u00e7as de seguran\u00e7a quando necess\u00e1rio.<br \/>\nTamb\u00e9m ser\u00e1 proposto aquelas pessoas que possuem c\u00e2meras de vigil\u00e2ncia voltadas para \u00e1rea externa de seus im\u00f3veis que cedam as imagens as for\u00e7as de seguran\u00e7a mediante a assinatura de um termo de cess\u00e3o. Num pr\u00f3ximo passo, a inten\u00e7\u00e3o da prefeitura \u00e9 contratar uma empresa que agregue ao sistema de imagens das c\u00e2meras um programa de leitor de placas e reconhecimento facial. \u201cVamos investir na seguran\u00e7a da nossa popula\u00e7\u00e3o. Essas medidas discutidas nesta reuni\u00e3o visam dotar a cidade de um canal mais r\u00e1pido para tratar dos problemas que possam ocorrer nesta \u00e1rea. \u00c9 o poder p\u00fablico municipal unindo for\u00e7as com os \u00f3rg\u00e3os de seguran\u00e7a visando o bem comum da comunidade\u201d, diz o prefeito Junior da Femac.<br \/>\nO prefeito Junior da Femac lembra que esse tipo de iniciativa j\u00e1 foi adotada com sucesso em outras cidades e a decis\u00e3o para o investimento foi definido depois de uma avalia\u00e7\u00e3o positiva por parte das for\u00e7as de seguran\u00e7a da cidade. As c\u00e2meras que ser\u00e3o adquiridas pelo munic\u00edpio, observa Junior da Femac, s\u00e3o de tecnologia compat\u00edvel com o objetivo da proposta, em especial com rela\u00e7\u00e3o ao servi\u00e7o de leitor de placas e reconhecimento facial.<br \/>\nEm janeiro de 2013, ha 6 anos, na gest\u00e3o Beto Preto, foram instaladas em Apucarana 27 c\u00e2meras de vigil\u00e2ncia que o munic\u00edpio conquistou junto ao Cons\u00f3rcio Intermunicipal de Seguran\u00e7a P\u00fablica com Cidadania de Londrina e Regi\u00e3o (Cismel). Al\u00e9m de tecnologia obsoleta, o custo benef\u00edcio para recupera\u00e7\u00e3o destes equipamentos n\u00e3o justifica o investimento para sua reutiliza\u00e7\u00e3o.<br \/>\n\u201cHoje precisamos de novos equipamentos com tecnologia compat\u00edveis aos softers existentes. Necessitamos de c\u00e2meras 4K que possibilitem imagens n\u00edtidas que nos d\u00ea informa\u00e7\u00f5es como reconhecimento facial e leitura de placas de ve\u00edculos\u201d, afirma Junior da Femac.<br \/>\nParticiparam da reuni\u00e3o com o prefeito Junior da Femac, os comandantes do 10\u00ba Batalh\u00e3o da Pol\u00edcia Militar, major Roberto Cardoso, do Corpo de Bombeiros, major Andr\u00e9 Lopes; e da Guarda Municipal, Alessandro Carletti.<br \/>\n&nbsp;<br \/>\n&nbsp;<\/p>\n","protected":false},"excerpt":{"rendered":"<p>Em reuni\u00e3o com as for\u00e7as de seguran\u00e7a, prefeitura definiu a aquisi\u00e7\u00e3o de 50 equipamentos com tecnologia 4K, com reconhecimento facial e leitura de placas de ve\u00edculos (Fotos &#8211; Profeta)<\/p>\n","protected":false},"author":4,"featured_media":25332,"comment_status":"closed","ping_status":"open","sticky":false,"template":"","format":"standard","meta":{"footnotes":""},"categories":[24],"tags":[],"class_list":["post-25312","post","type-post","status-publish","format-standard","has-post-thumbnail","hentry","category-noticias"],"acf":[],"_links":{"self":[{"href":"http:\/\/www.apucarana.pr.gov.br\/site\/wp-json\/wp\/v2\/posts\/25312","targetHints":{"allow":["GET"]}}],"collection":[{"href":"http:\/\/www.apucarana.pr.gov.br\/site\/wp-json\/wp\/v2\/posts"}],"about":[{"href":"http:\/\/www.apucarana.pr.gov.br\/site\/wp-json\/wp\/v2\/types\/post"}],"author":[{"embeddable":true,"href":"http:\/\/www.apucarana.pr.gov.br\/site\/wp-json\/wp\/v2\/users\/4"}],"replies":[{"embeddable":true,"href":"http:\/\/www.apucarana.pr.gov.br\/site\/wp-json\/wp\/v2\/comments?post=25312"}],"version-history":[{"count":1,"href":"http:\/\/www.apucarana.pr.gov.br\/site\/wp-json\/wp\/v2\/posts\/25312\/revisions"}],"predecessor-version":[{"id":100283,"href":"http:\/\/www.apucarana.pr.gov.br\/site\/wp-json\/wp\/v2\/posts\/25312\/revisions\/100283"}],"wp:featuredmedia":[{"embeddable":true,"href":"http:\/\/www.apucarana.pr.gov.br\/site\/wp-json\/"}],"wp:attachment":[{"href":"http:\/\/www.apucarana.pr.gov.br\/site\/wp-json\/wp\/v2\/media?parent=25312"}],"wp:term":[{"taxonomy":"category","embeddable":true,"href":"http:\/\/www.apucarana.pr.gov.br\/site\/wp-json\/wp\/v2\/categories?post=25312"},{"taxonomy":"post_tag","embeddable":true,"href":"http:\/\/www.apucarana.pr.gov.br\/site\/wp-json\/wp\/v2\/tags?post=25312"}],"curies":[{"name":"wp","href":"https:\/\/api.w.org\/{rel}","templated":true}]}}