{"id":25301,"date":"2019-07-30T11:25:29","date_gmt":"2019-07-30T14:25:29","guid":{"rendered":"http:\/\/172.16.0.7\/site-antigo\/?p=25301"},"modified":"2024-10-08T09:18:59","modified_gmt":"2024-10-08T12:18:59","slug":"apucarana-moderniza-sistema-de-nota-fiscal-eletronica","status":"publish","type":"post","link":"http:\/\/www.apucarana.pr.gov.br\/site\/apucarana-moderniza-sistema-de-nota-fiscal-eletronica\/","title":{"rendered":"Apucarana moderniza sistema de Nota Fiscal Eletr\u00f4nica"},"content":{"rendered":"<p>O munic\u00edpio de Apucarana far\u00e1 a migra\u00e7\u00e3o do sistema emissor da Nota Fiscal Eletr\u00f4nica (NFS-e), substituindo a vers\u00e3o 1.0 adotada atualmente para a 2.0. O sistema sair\u00e1 do ar no dia 3 de agosto, ao meio dia, e ser\u00e1 restabelecido \u00e0s 10 horas do dia 6. Neste per\u00edodo &#8211; que corresponde ao s\u00e1bado, domingo e segunda-feira &#8211; o servi\u00e7o ficar\u00e1 indispon\u00edvel.<br \/>\nDetalhes da mudan\u00e7a foram repassados a contadores e t\u00e9cnicos tribut\u00e1rios nesta ter\u00e7a-feira (30\/07) por profissionais da GOVBR, empresa contratada pelo Munic\u00edpio e que \u00e9 respons\u00e1vel pelo gerenciamento do sistema. No evento, que ocorreu no sal\u00e3o nobre da Prefeitura, tamb\u00e9m foram sanadas d\u00favidas a respeito da Declara\u00e7\u00e3o Eletr\u00f4nica de Imposto Sobre Servi\u00e7os (DEISS) e sobre as Leis Complementares 116\/2003, 155\/2016 e 157\/2016 que tratam, por exemplo, do Simples Nacional e da territorialidade de impostos.<br \/>\nDe acordo com Sueli Pereira, secret\u00e1ria municipal de Fazenda, essa \u00e9 a primeira atualiza\u00e7\u00e3o em Apucarana desde a implanta\u00e7\u00e3o da nota eletr\u00f4nica, em 2013. \u201cEssa atualiza\u00e7\u00e3o est\u00e1 sendo feita por todos os munic\u00edpios visando padronizar procedimentos, em virtude de mudan\u00e7as na legisla\u00e7\u00e3o, surgimento de novas atividades laborais que foram inclu\u00eddas no software<em>\u00a0<\/em> e para aperfei\u00e7oamento do sistema\u201d, explica Sueli.<br \/>\nA secret\u00e1ria da Fazenda lembra que os usu\u00e1rios do sistema que necessitarem emitir NFS-e no per\u00edodo em que o sistema estiver fora do ar dever\u00e3o utilizar o Recibo Provis\u00f3rio de Servi\u00e7os. \u201cEsse documento dever\u00e1\u00a0 ser convertido em Nota Fiscal Eletr\u00f4nica em at\u00e9 24 horas ap\u00f3s a restaura\u00e7\u00e3o do sistema\u201d, orienta Sueli.<br \/>\nDe acordo com o consultor da GOVBR, Gilberto Schimidt, o novo software traz recursos adicionais como a pr\u00e9via visualiza\u00e7\u00e3o e a carta de corre\u00e7\u00e3o. \u201cNa pr\u00e9via da nota, o documento poder\u00e1 ser visualizado antes de ser gerado e, em caso de necessidade de alterar alguma informa\u00e7\u00e3o, h\u00e1 a possibilidade agora da carta de corre\u00e7\u00e3o ao inv\u00e9s de cancelar a nota\u201d, esclarece Schimidt.<br \/>\nDepois de conclu\u00edda a migra\u00e7\u00e3o dos dados da vers\u00e3o 1.0 para a 2.0, o usu\u00e1rio do sistema \u00a0n\u00e3o precisar\u00e1 solicitar um novo acesso. \u201cNo entanto, no prazo de 45 dias, ser\u00e1 necess\u00e1rio vincular um CPF ao acesso\u201d, afirma Schimidt, acrescentando que o novo sistema permitir\u00e1, desta forma, identificar a pessoa f\u00edsica que est\u00e1 realizando o procedimento de gera\u00e7\u00e3o da Nota Fiscal Eletr\u00f4nica.<\/p>\n","protected":false},"excerpt":{"rendered":"<p>Para fazer a migra\u00e7\u00e3o dos dados, sistema sair\u00e1 do ar no dia 3 de agosto, ao meio dia, e ser\u00e1 restabelecido \u00e0s 10 horas do dia 6.  (Foto: Edson Denobi)<\/p>\n","protected":false},"author":4,"featured_media":25302,"comment_status":"closed","ping_status":"open","sticky":false,"template":"","format":"standard","meta":{"footnotes":""},"categories":[24],"tags":[],"class_list":["post-25301","post","type-post","status-publish","format-standard","has-post-thumbnail","hentry","category-noticias"],"acf":[],"_links":{"self":[{"href":"http:\/\/www.apucarana.pr.gov.br\/site\/wp-json\/wp\/v2\/posts\/25301","targetHints":{"allow":["GET"]}}],"collection":[{"href":"http:\/\/www.apucarana.pr.gov.br\/site\/wp-json\/wp\/v2\/posts"}],"about":[{"href":"http:\/\/www.apucarana.pr.gov.br\/site\/wp-json\/wp\/v2\/types\/post"}],"author":[{"embeddable":true,"href":"http:\/\/www.apucarana.pr.gov.br\/site\/wp-json\/wp\/v2\/users\/4"}],"replies":[{"embeddable":true,"href":"http:\/\/www.apucarana.pr.gov.br\/site\/wp-json\/wp\/v2\/comments?post=25301"}],"version-history":[{"count":1,"href":"http:\/\/www.apucarana.pr.gov.br\/site\/wp-json\/wp\/v2\/posts\/25301\/revisions"}],"predecessor-version":[{"id":100284,"href":"http:\/\/www.apucarana.pr.gov.br\/site\/wp-json\/wp\/v2\/posts\/25301\/revisions\/100284"}],"wp:featuredmedia":[{"embeddable":true,"href":"http:\/\/www.apucarana.pr.gov.br\/site\/wp-json\/"}],"wp:attachment":[{"href":"http:\/\/www.apucarana.pr.gov.br\/site\/wp-json\/wp\/v2\/media?parent=25301"}],"wp:term":[{"taxonomy":"category","embeddable":true,"href":"http:\/\/www.apucarana.pr.gov.br\/site\/wp-json\/wp\/v2\/categories?post=25301"},{"taxonomy":"post_tag","embeddable":true,"href":"http:\/\/www.apucarana.pr.gov.br\/site\/wp-json\/wp\/v2\/tags?post=25301"}],"curies":[{"name":"wp","href":"https:\/\/api.w.org\/{rel}","templated":true}]}}