{"id":2530,"date":"2015-01-30T10:39:59","date_gmt":"2015-01-30T10:39:59","guid":{"rendered":"http:\/\/172.16.0.7\/site-antigo\/?p=2530"},"modified":"2024-10-08T09:10:24","modified_gmt":"2024-10-08T12:10:24","slug":"rua-de-recreio-foi-transferida-para-este-domingo","status":"publish","type":"post","link":"http:\/\/www.apucarana.pr.gov.br\/site\/rua-de-recreio-foi-transferida-para-este-domingo\/","title":{"rendered":"Rua de Recreio foi transferida para este domingo"},"content":{"rendered":"<p><p>Por causa da chuva, a Rua de Recreio que estava prevista para acontecer no dia do anivers\u00e1rio de Apucarana foi transferida para este domingo (01\/02). No per\u00edodo entre 14 e 18 horas, a Pra\u00e7a 28 de Janeiro vai ser palco de diversas atividades art\u00edsticas, l\u00fadicas, recreativas e esportivas. Aberto a toda comunidade, o evento \u00e9 uma realiza\u00e7\u00e3o da Secretaria de Promo\u00e7\u00e3o Art\u00edstica, Cultural e Tur\u00edstica de Apucarana, em parceria com o Servi\u00e7o Social do Com\u00e9rcio (SESC). A biblioteca municipal vai ficar aberta durante o evento, fazendo carteirinhas e empr\u00e9stimos de livros. O local tamb\u00e9m ser\u00e1 disponibilizado para leitura e haver\u00e1 conta\u00e7\u00e3o de hist\u00f3rias. Para confec\u00e7\u00e3o das carteirinhas da biblioteca \u00e9 necess\u00e1rio comprovante de resid\u00eancia e RG.<\/p>\n<p><b><u>Atividades programadas:<\/u><\/b><\/p>\n<p>&middot;Camas el\u00e1sticas<\/p>\n<p>&middot;Xadrez Gigante<\/p>\n<p>&middot;Camarim de Pintura de rosto<\/p>\n<p>&middot;Jogos de Tabuleiros gigantes<\/p>\n<p>&middot;Cordas<\/p>\n<p>&middot;Bolas<\/p>\n<p>&middot;Esculturas em bal\u00f5es<\/p>\n<p>&middot;Pintura em rosto<\/p>\n<p>&middot;Pintura em cavalete<\/p>\n<p>&middot;Aferi\u00e7\u00e3o de press\u00e3o arterial, feita pelo SESC APUCARANA<\/p>\n<p><\/p>\n","protected":false},"excerpt":{"rendered":"<p>Diversas atividades est&atilde;o programadas e v&atilde;o acontecer no per&iacute;odo das 14 &agrave;s 18 horas, na Pra&ccedil;a 28 de Janeiro<\/p>\n","protected":false},"author":4,"featured_media":0,"comment_status":"closed","ping_status":"closed","sticky":false,"template":"","format":"standard","meta":{"footnotes":""},"categories":[24],"tags":[],"class_list":["post-2530","post","type-post","status-publish","format-standard","hentry","category-noticias"],"acf":[],"_links":{"self":[{"href":"http:\/\/www.apucarana.pr.gov.br\/site\/wp-json\/wp\/v2\/posts\/2530","targetHints":{"allow":["GET"]}}],"collection":[{"href":"http:\/\/www.apucarana.pr.gov.br\/site\/wp-json\/wp\/v2\/posts"}],"about":[{"href":"http:\/\/www.apucarana.pr.gov.br\/site\/wp-json\/wp\/v2\/types\/post"}],"author":[{"embeddable":true,"href":"http:\/\/www.apucarana.pr.gov.br\/site\/wp-json\/wp\/v2\/users\/4"}],"replies":[{"embeddable":true,"href":"http:\/\/www.apucarana.pr.gov.br\/site\/wp-json\/wp\/v2\/comments?post=2530"}],"version-history":[{"count":1,"href":"http:\/\/www.apucarana.pr.gov.br\/site\/wp-json\/wp\/v2\/posts\/2530\/revisions"}],"predecessor-version":[{"id":104349,"href":"http:\/\/www.apucarana.pr.gov.br\/site\/wp-json\/wp\/v2\/posts\/2530\/revisions\/104349"}],"wp:attachment":[{"href":"http:\/\/www.apucarana.pr.gov.br\/site\/wp-json\/wp\/v2\/media?parent=2530"}],"wp:term":[{"taxonomy":"category","embeddable":true,"href":"http:\/\/www.apucarana.pr.gov.br\/site\/wp-json\/wp\/v2\/categories?post=2530"},{"taxonomy":"post_tag","embeddable":true,"href":"http:\/\/www.apucarana.pr.gov.br\/site\/wp-json\/wp\/v2\/tags?post=2530"}],"curies":[{"name":"wp","href":"https:\/\/api.w.org\/{rel}","templated":true}]}}