{"id":25297,"date":"2019-07-30T10:20:35","date_gmt":"2019-07-30T13:20:35","guid":{"rendered":"http:\/\/172.16.0.7\/site-antigo\/?p=25297"},"modified":"2024-10-08T09:18:59","modified_gmt":"2024-10-08T12:18:59","slug":"obras-da-nova-av-cristiano-kusmaull-comecam-em-30-dias","status":"publish","type":"post","link":"http:\/\/www.apucarana.pr.gov.br\/site\/obras-da-nova-av-cristiano-kusmaull-comecam-em-30-dias\/","title":{"rendered":"Obras da \u201cnova\u201d Av. Cristiano  Kusmaull come\u00e7am em 30 dias"},"content":{"rendered":"<p>&nbsp;<\/p>\n<p style=\"font-weight: 400\">Ap\u00f3s uma espera de dois anos, o processo burocr\u00e1tico visando \u00e0 reconstru\u00e7\u00e3o total da Avenida Cristiano Kusmaull, na regi\u00e3o do Residencial Interlagos, foi conclu\u00eddo nesta segunda-feira (29). A construtora Tapalam, de Apucarana, venceu a disputa com a Empreiteira Bueno, de Jandaia do Sul, ao apresentar a proposta de R$ 3.063.544,14. O valor m\u00e1ximo estava fixado em R$ 3,1 milh\u00f5es. A \u201cnova\u201d Cristiano Kusmaull ter\u00e1 2,3 quil\u00f4metros de pista de rolamento, com 10 metros de largura, sistema de drenagem (galerias pluviais) e meio-fio. A estimativa \u00e9 que a obra comece no final do pr\u00f3ximo m\u00eas.<strong><u>\u00a0<\/u><\/strong><\/p>\n<p style=\"font-weight: 400\">O prefeito J\u00fanior da Femac comemorou a finaliza\u00e7\u00e3o da concorr\u00eancia p\u00fablica e espera poder autorizar a ordem de servi\u00e7o nas pr\u00f3ximas semanas. \u201cFoi uma luta travada com muita persist\u00eancia a partir de 2017, ainda com o ex-prefeito Beto Preto, buscando recursos para a obra, que visa atender os moradores do Interlagos e garantir uma avenida moderna e com toda a seguran\u00e7a, para atender a demanda de empres\u00e1rios e trabalhadores na liga\u00e7\u00e3o do Contorno Sul com a cidade\u201d, comentou o prefeito Junior da Femac.<\/p>\n<p style=\"font-weight: 400\">Conforme pondera ele, a regi\u00e3o sofre com uma via que nunca foi adequada, por se tratar apenas um pavimento do tipo \u201canti-p\u00f3\u201d, sem galerias pluviais e sem meio fio. \u201cInfelizmente, o projeto da Cristiano Kusmaull acabou atrasando por conta da transi\u00e7\u00e3o no Governo do Estado\u201d, lembrou o prefeito, acrescentando que, com Ratinho Junior e os secret\u00e1rios Beto Preto (sa\u00fade) e Jo\u00e3o Carlos Ortega (desenvolvimento urbano) o processo teve uma tramita\u00e7\u00e3o normal.<\/p>\n<p style=\"font-weight: 400\">Conforme argumenta ainda Junior da Femac, essa importante via perimetral ir\u00e1 mudar o panorama de toda a regi\u00e3o do Interlagos. \u201cA cidade vai se expandir com a nova avenida, uma nova Unidade B\u00e1sica de Sa\u00fade e uma escola de grande porte\u201d, avalia o prefeito, que fez quest\u00e3o de agradecer as lideran\u00e7as do Interlagos que acompanharam o processo, entre elas o presidente da Associa\u00e7\u00e3o do Interlagos, El\u00f3i de Souza; o empres\u00e1rio Adam Lenharo; e a Elisabete de Souza, diretora da associa\u00e7\u00e3o.<\/p>\n<p style=\"font-weight: 400\">O secret\u00e1rio de obras, Herivelto Moreno, explica que o resultado foi aprovado pela comiss\u00e3o de licita\u00e7\u00e3o e agora ser\u00e1 cumprido um prazo regular de cinco dias, para posterior homologa\u00e7\u00e3o do resultado. \u201cAp\u00f3s este prazo o processo ser\u00e1 encaminhado para o Paranacidade, em Curitiba, visando sua confer\u00eancia e homologa\u00e7\u00e3o, o que demandar\u00e1 mais uns 15 dias. Portanto, na segunda quinzena de agosto poder\u00e1 ser autorizada a ordem de servi\u00e7o para in\u00edcio o in\u00edcio das obras\u201d, informa o engenheiro, assinalando que o prazo para conclus\u00e3o \u00e9 de oito meses.<\/p>\n<h2><\/h2>\n<h2><\/h2>\n<h2><\/h2>\n<h2><\/h2>\n<h2><\/h2>\n<h2><\/h2>\n<h2><\/h2>\n<h2><\/h2>\n<h2><\/h2>\n<h2><\/h2>\n","protected":false},"excerpt":{"rendered":"<p>A licita\u00e7\u00e3o foi conclu\u00edda nesta segunda-feira (29) e agora o processo segue para homologa\u00e7\u00e3o no Paranacidade (Edson Denobi) <\/p>\n","protected":false},"author":4,"featured_media":25298,"comment_status":"closed","ping_status":"open","sticky":false,"template":"","format":"standard","meta":{"footnotes":""},"categories":[24],"tags":[],"class_list":["post-25297","post","type-post","status-publish","format-standard","has-post-thumbnail","hentry","category-noticias"],"acf":[],"_links":{"self":[{"href":"http:\/\/www.apucarana.pr.gov.br\/site\/wp-json\/wp\/v2\/posts\/25297","targetHints":{"allow":["GET"]}}],"collection":[{"href":"http:\/\/www.apucarana.pr.gov.br\/site\/wp-json\/wp\/v2\/posts"}],"about":[{"href":"http:\/\/www.apucarana.pr.gov.br\/site\/wp-json\/wp\/v2\/types\/post"}],"author":[{"embeddable":true,"href":"http:\/\/www.apucarana.pr.gov.br\/site\/wp-json\/wp\/v2\/users\/4"}],"replies":[{"embeddable":true,"href":"http:\/\/www.apucarana.pr.gov.br\/site\/wp-json\/wp\/v2\/comments?post=25297"}],"version-history":[{"count":1,"href":"http:\/\/www.apucarana.pr.gov.br\/site\/wp-json\/wp\/v2\/posts\/25297\/revisions"}],"predecessor-version":[{"id":100285,"href":"http:\/\/www.apucarana.pr.gov.br\/site\/wp-json\/wp\/v2\/posts\/25297\/revisions\/100285"}],"wp:featuredmedia":[{"embeddable":true,"href":"http:\/\/www.apucarana.pr.gov.br\/site\/wp-json\/"}],"wp:attachment":[{"href":"http:\/\/www.apucarana.pr.gov.br\/site\/wp-json\/wp\/v2\/media?parent=25297"}],"wp:term":[{"taxonomy":"category","embeddable":true,"href":"http:\/\/www.apucarana.pr.gov.br\/site\/wp-json\/wp\/v2\/categories?post=25297"},{"taxonomy":"post_tag","embeddable":true,"href":"http:\/\/www.apucarana.pr.gov.br\/site\/wp-json\/wp\/v2\/tags?post=25297"}],"curies":[{"name":"wp","href":"https:\/\/api.w.org\/{rel}","templated":true}]}}