{"id":2529,"date":"2015-01-29T19:54:00","date_gmt":"2015-01-29T19:54:00","guid":{"rendered":"http:\/\/172.16.0.7\/site-antigo\/?p=2529"},"modified":"2024-10-08T09:10:24","modified_gmt":"2024-10-08T12:10:24","slug":"regiao-leste-ganha-terceiro-conjunto-habitacional","status":"publish","type":"post","link":"http:\/\/www.apucarana.pr.gov.br\/site\/regiao-leste-ganha-terceiro-conjunto-habitacional\/","title":{"rendered":"Regi\u00e3o leste ganha terceiro conjunto habitacional"},"content":{"rendered":"<p><p><span style=\"letter-spacing: -0.02em; line-height: 1.45em; background-color: initial;\">Depois do Sumatra I e Sumatra II, a regi\u00e3o leste de Apucarana (pr\u00f3ximo ao Jardim Colonial) ganhou nesta quinta-feira (29\/01) o terceiro conjunto habitacional. Trata-se do Residencial Ja\u00e7an\u00e3, com 300 casas destinadas a fam\u00edlias de baixa renda e que tamb\u00e9m foram constru\u00eddas atrav\u00e9s do Programa Minha Casa, Minha Vida, do Governo Federal, em parceria com a Prefeitura de Apucarana e o governo estadual. &ldquo;Os prefeitos que me antecederam entregaram 1.200 casas em 12 anos e n\u00f3s, em apenas dois anos, estamos chegando a 1.301 moradias&rdquo;, destacou o prefeito de Apucarana, Beto Preto, durante a solenidade de inaugura\u00e7\u00e3o do Residencial Ja\u00e7an\u00e3.<\/span><\/p>\n<p>Al\u00e9m das fam\u00edlias contempladas, o ato contou ainda com a presen\u00e7a do deputado federal &Ecirc;nio Verri, que tomar\u00e1 posse do cargo no domingo, de &Eacute;lcio de Lara, superintendente regional da Caixa Econ&ocirc;mica Federal, de Nelson Cordeiro Justus, presidente da Companhia de Habita\u00e7\u00e3o do Paran\u00e1 (Cohapar), do chefe de gabinete da senadora Gleisi Hoffmann, Arilson Chiorato, do vereador Jos\u00e9 Airton Deco de Ara\u00fajo, representando o Legislativo Municipal, e da secret\u00e1ria municipal de Assist\u00eancia Social, M\u00e1rcia Regina de Sousa, al\u00e9m de vereadores, secret\u00e1rios municipais e de representantes da construtora respons\u00e1vel pela obra e dos demais parceiros do empreendimento.<\/p>\n<p>Beto Preto lembrou que a inaugura\u00e7\u00e3o faz parte das festividades alusivas aos 71 anos de Apucarana, completados na \u00faltima quarta-feira. &ldquo;No anivers\u00e1rio de Apucarana, quem ganha o presente s\u00e3o voc\u00eas. Me ajudem a continuar construindo uma cidade diferente, mais solid\u00e1ria e igual. Estamos construindo Apucarana do bairro para o centro. A exemplo da \u00e1rea habitacional, ainda h\u00e1 muito por fazer, mas a maturidade chegou&rdquo;, avalia Beto Preto.<\/p>\n<p>Ao saudar os moradores do Ja\u00e7an\u00e3, o prefeito de Apucarana reiterou seu compromisso de reduzir a fila de espera pela casa pr\u00f3pria em Apucarana. &ldquo;J\u00e1 entregamos 1.301 casas e temos outras 1.995 em andamento, no Fariz Gebrim (1\u00aa e 2\u00aa etapas), Solo Sagrado e Barcelona&rdquo;, lembrou o prefeito, acrescentando que espera concluir seu mandato com ao menos 4 mil resid\u00eancias entregues em Apucarana. &ldquo;O nosso compromisso n\u00e3o cessa, pois ainda existem 6 mil fam\u00edlias que est\u00e3o na fila, esperando para virar a p\u00e1gina do aluguel&rdquo;, observa Beto Preto. <\/p>\n<p>O deputado federal &Ecirc;nio Verri lembrou que assumir\u00e1 a cadeira no Congresso Nacional do domingo, salientando que trabalhar\u00e1 em Bras\u00edlia buscando viabilizar mais casas para Apucarana. O deputado pediu para que os moradores n\u00e3o tenham a tenta\u00e7\u00e3o de vender ou alugar o im\u00f3vel. &ldquo;Eu morei em casa popular e posso dizer que muda a vida da gente. A casa \u00e9 sagrada, um presente de Deus e uma grande conquista. Por isso, n\u00e3o abram m\u00e3o dela&rdquo;, reiterou Verri, citando ainda a resolu\u00e7\u00e3o que d\u00e1 prefer\u00eancia \u00e0 coloca\u00e7\u00e3o do t\u00edtulo de propriedade em nome da mulher. <\/p>\n<p>O presidente da Cohapar, Nelson Cordeiro Justus, ressaltou a constru\u00e7\u00e3o de tr\u00eas conjuntos habitacionais na mesma regi\u00e3o da cidade: o Sumatra I, com 486 casas, o Sumatra II, com 515 moradias, e o Ja\u00e7an\u00e3, com 300 unidades. &ldquo;As casas foram edificadas com capricho pela construtora, com muita qualidade. Somando todas as casas j\u00e1 d\u00e1 uma cidade e que vem com toda a infraestrutura necess\u00e1ria&rdquo;, frisa Justus, que tamb\u00e9m lembrou a recente cria\u00e7\u00e3o da Regi\u00e3o Metropolitana de Apucarana, que foi uma iniciativa do seu pai, o deputado estadual Nelson Justus.<\/p>\n<p>O superintendente regional da Caixa, &Eacute;lcio de Lara, citou recentes avan\u00e7os no programa como o cart\u00e3o Minha Casa Melhor, que oferece cr\u00e9dito de at\u00e9 R$ 5 mil para a aquisi\u00e7\u00e3o de m\u00f3veis e eletrodom\u00e9sticos. &ldquo;O cart\u00e3o permite adequar a casa \u00e0s necessidades das fam\u00edlias, pagando em at\u00e9 48 vezes e com juros muito baixos, de 5% ao ano&rdquo;, afirma, destacando ainda que o custo do registro do im\u00f3vel no cart\u00f3rio, antes pago pelos moradores, agora tamb\u00e9m foi incorporado no programa. <\/p>\n<p>O custo total do empreendimento \u00e9 de aproximadamente R$ 20 milh\u00f5es, sendo R$ 18 milh\u00f5es do Fundo de Arrendamento Residencial (FAR\/Governo Federal); R$ 1,2 milh\u00e3o do Governo do Estado (Cohapar); e R$ 636 mil referentes a padr\u00f5es de energia (Copel), e rede de \u00e1gua da Sanepar. Com a \u00e1rea constru\u00edda de 41,73 m&sup2;, sendo 9 casas para portadores de necessidades especiais e outras 9 para idosos, as moradias contam com sala, cozinha, 2 quartos e banheiro, al\u00e9m de laje e placas de aquecimento solar. O projeto inclui ainda obras de infraestrutura, como drenagem de \u00e1gua pluvial, rede coletora de esgoto, pavimenta\u00e7\u00e3o asf\u00e1ltica, meio fio e passeio em concreto.<\/p>\n<p><b>FAM&Iacute;LIAS CONTEMPLADAS<\/b> &#8211; As 300 casas beneficiam fam\u00edlias de baixa renda que pagar\u00e3o presta\u00e7\u00f5es mensais (entre R$ 25 e R$ 80) pelo per\u00edodo de 10 anos. Uma delas \u00e9 a de Hyasmim Fagundes da Silva e de Willian Silva Gon\u00e7alves, casal que tem dois filhos e morava no Parque Bela Vista. &ldquo;Pag\u00e1vamos aluguel de R$ 350 numa casa que era um pouco menor do que a conquistada no Ja\u00e7an\u00e3. Ficamos dois anos na fila de espera e, com a b\u00ean\u00e7\u00e3o de Deus, fomos contemplados. O dinheiro que sobra vamos investir na casa e na educa\u00e7\u00e3o das crian\u00e7as&rdquo;, afirma Hyasmim. <\/p>\n<p>J\u00e1 a aposentada Ernestina Machado Sim\u00e3o afirma que esperou uma vida inteira para realizar o sonho da casa pr\u00f3pria. &ldquo;Estava morando de favor numa ch\u00e1cara na Estrada do Tatuzinho, pagando apenas a luz que consumia. Se n\u00e3o fosse esse programa, n\u00e3o teria conseguido a casa&rdquo;, observa Ernestina, que h\u00e1 v\u00e1rios anos cuida de dois netos portadores de necessidades especiais. &ldquo;Estou muito feliz. Deus me deu a miss\u00e3o de cuidar deles e agora me presenteou com essa casa&rdquo;, completa. <\/p>\n<p>Mayara Monteiro de Moraes, que atualmente morava em casa alugada no Jardim Ponta Grossa, agora vai morar com as duas filhas no Ja\u00e7an\u00e3. &ldquo;Sou diarista e pagava aluguel de R$ 280. Era com isso e com o valor da pens\u00e3o que mantinha a casa. Esperei na fila desde 2010 e, agora sem precisar pagar aluguel, vai ajudar bastante&rdquo;, comemora Mayara.<\/p>\n<p><\/p>\n","protected":false},"excerpt":{"rendered":"<p> Residencial Ja&ccedil;an&atilde; tem com 300 casas constru&iacute;das pelo Programa Minha Casa Minha Vida<\/p>\n","protected":false},"author":4,"featured_media":0,"comment_status":"closed","ping_status":"closed","sticky":false,"template":"","format":"standard","meta":{"footnotes":""},"categories":[24],"tags":[],"class_list":["post-2529","post","type-post","status-publish","format-standard","hentry","category-noticias"],"acf":[],"_links":{"self":[{"href":"http:\/\/www.apucarana.pr.gov.br\/site\/wp-json\/wp\/v2\/posts\/2529","targetHints":{"allow":["GET"]}}],"collection":[{"href":"http:\/\/www.apucarana.pr.gov.br\/site\/wp-json\/wp\/v2\/posts"}],"about":[{"href":"http:\/\/www.apucarana.pr.gov.br\/site\/wp-json\/wp\/v2\/types\/post"}],"author":[{"embeddable":true,"href":"http:\/\/www.apucarana.pr.gov.br\/site\/wp-json\/wp\/v2\/users\/4"}],"replies":[{"embeddable":true,"href":"http:\/\/www.apucarana.pr.gov.br\/site\/wp-json\/wp\/v2\/comments?post=2529"}],"version-history":[{"count":1,"href":"http:\/\/www.apucarana.pr.gov.br\/site\/wp-json\/wp\/v2\/posts\/2529\/revisions"}],"predecessor-version":[{"id":104350,"href":"http:\/\/www.apucarana.pr.gov.br\/site\/wp-json\/wp\/v2\/posts\/2529\/revisions\/104350"}],"wp:attachment":[{"href":"http:\/\/www.apucarana.pr.gov.br\/site\/wp-json\/wp\/v2\/media?parent=2529"}],"wp:term":[{"taxonomy":"category","embeddable":true,"href":"http:\/\/www.apucarana.pr.gov.br\/site\/wp-json\/wp\/v2\/categories?post=2529"},{"taxonomy":"post_tag","embeddable":true,"href":"http:\/\/www.apucarana.pr.gov.br\/site\/wp-json\/wp\/v2\/tags?post=2529"}],"curies":[{"name":"wp","href":"https:\/\/api.w.org\/{rel}","templated":true}]}}