{"id":25289,"date":"2019-07-29T17:22:48","date_gmt":"2019-07-29T20:22:48","guid":{"rendered":"http:\/\/172.16.0.7\/site-antigo\/?p=25289"},"modified":"2024-10-08T09:18:59","modified_gmt":"2024-10-08T12:18:59","slug":"prefeitura-realiza-segunda-audiencia-do-plano-diretor","status":"publish","type":"post","link":"http:\/\/www.apucarana.pr.gov.br\/site\/prefeitura-realiza-segunda-audiencia-do-plano-diretor\/","title":{"rendered":"Prefeitura realiza segunda audi\u00eancia do Plano Diretor"},"content":{"rendered":"<p>A prefeitura de Apucarana realiza no dia 13 de agosto a segunda audi\u00eancia p\u00fablica da revis\u00e3o geral do Pano Diretor\u00a0 do munic\u00edpio. O evento vai acontecer no Cine Teatro F\u00eanix, \u00e0s 19 horas, onde \u00e9 esperada a participa\u00e7\u00e3o da popula\u00e7\u00e3o neste processo de planejamento do desenvolvimento do munic\u00edpio.<br \/>\nA primeira audi\u00eancia aconteceu em mar\u00e7o no anfiteatro do Conselho Regional de Engenharia (CREA\/Apucarana), tendo como foco principal a mobiliza\u00e7\u00e3o de toda a sociedade. Participaram desta primeira audi\u00eancia representantes de associa\u00e7\u00f5es de classe, de entidades diversas, \u00f3rg\u00e3os p\u00fablicos, vereadores, secret\u00e1rios municipais e lideran\u00e7as comunit\u00e1rias.<br \/>\nO prefeito Junior da Femac conclama todos a participarem efetivamente do processo, visando definir qual a Apucarana que querem para os pr\u00f3ximos 10 anos. At\u00e9 o m\u00eas de novembro ser\u00e3o realizadas diversas audi\u00eancias p\u00fablicas, inclusive nos distritos. E, neste processo, a prefeitura vai atuar para garantir plena participa\u00e7\u00e3o popular, nas altera\u00e7\u00f5es que ser\u00e3o feitas nesta revis\u00e3o, que ter\u00e1 validade de 10 anos.<br \/>\nO Plano Diretor consiste num conjunto de leis que contemplam o desenvolvimento, zoneamento e per\u00edmetro urbano, uso e ocupa\u00e7\u00e3o do Solo, edifica\u00e7\u00f5es e sistema vi\u00e1rio, al\u00e9m do c\u00f3digo de posturas. A formata\u00e7\u00e3o do documento est\u00e1 sendo executada em conjunto pelo Instituto de Desenvolvimento, Pesquisa e Planejamento de Apucarana (Idepplan)\u00a0 e a Consultoria DRZ-Gest\u00e3o de Cidades, empresa vencedora da licita\u00e7\u00e3o.<br \/>\nAtualmente encontra-se em vigor uma vers\u00e3o parcialmente atualizada do plano diretor de 2008, que passou por alguns ajustes no ano de 2015.<br \/>\n&nbsp;<br \/>\n&nbsp;<br \/>\n&nbsp;<br \/>\n&nbsp;<br \/>\n&nbsp;<\/p>\n","protected":false},"excerpt":{"rendered":"<p>Discuss\u00e3o p\u00fablica vai acontecer no dia 13 de agosto, no Cine Teatro F\u00eanix<\/p>\n","protected":false},"author":4,"featured_media":25292,"comment_status":"closed","ping_status":"open","sticky":false,"template":"","format":"standard","meta":{"footnotes":""},"categories":[24],"tags":[],"class_list":["post-25289","post","type-post","status-publish","format-standard","has-post-thumbnail","hentry","category-noticias"],"acf":[],"_links":{"self":[{"href":"http:\/\/www.apucarana.pr.gov.br\/site\/wp-json\/wp\/v2\/posts\/25289","targetHints":{"allow":["GET"]}}],"collection":[{"href":"http:\/\/www.apucarana.pr.gov.br\/site\/wp-json\/wp\/v2\/posts"}],"about":[{"href":"http:\/\/www.apucarana.pr.gov.br\/site\/wp-json\/wp\/v2\/types\/post"}],"author":[{"embeddable":true,"href":"http:\/\/www.apucarana.pr.gov.br\/site\/wp-json\/wp\/v2\/users\/4"}],"replies":[{"embeddable":true,"href":"http:\/\/www.apucarana.pr.gov.br\/site\/wp-json\/wp\/v2\/comments?post=25289"}],"version-history":[{"count":1,"href":"http:\/\/www.apucarana.pr.gov.br\/site\/wp-json\/wp\/v2\/posts\/25289\/revisions"}],"predecessor-version":[{"id":100286,"href":"http:\/\/www.apucarana.pr.gov.br\/site\/wp-json\/wp\/v2\/posts\/25289\/revisions\/100286"}],"wp:featuredmedia":[{"embeddable":true,"href":"http:\/\/www.apucarana.pr.gov.br\/site\/wp-json\/"}],"wp:attachment":[{"href":"http:\/\/www.apucarana.pr.gov.br\/site\/wp-json\/wp\/v2\/media?parent=25289"}],"wp:term":[{"taxonomy":"category","embeddable":true,"href":"http:\/\/www.apucarana.pr.gov.br\/site\/wp-json\/wp\/v2\/categories?post=25289"},{"taxonomy":"post_tag","embeddable":true,"href":"http:\/\/www.apucarana.pr.gov.br\/site\/wp-json\/wp\/v2\/tags?post=25289"}],"curies":[{"name":"wp","href":"https:\/\/api.w.org\/{rel}","templated":true}]}}