{"id":2528,"date":"2015-01-29T19:47:00","date_gmt":"2015-01-29T19:47:00","guid":{"rendered":"http:\/\/172.16.0.7\/site-antigo\/?p=2528"},"modified":"2024-10-08T09:10:24","modified_gmt":"2024-10-08T12:10:24","slug":"14-produtores-rurais-recebem-moradias","status":"publish","type":"post","link":"http:\/\/www.apucarana.pr.gov.br\/site\/14-produtores-rurais-recebem-moradias\/","title":{"rendered":"14 produtores rurais recebem moradias"},"content":{"rendered":"<p><p><span style=\"letter-spacing: -0.02em; line-height: 1.45em; background-color: initial;\">O prefeito Beto Preto e o presidente da Cohapar, Nelson Cordeiro Justus, realizaram hoje a entrega simb\u00f3lica de 14 casas a fam\u00edlias de pequenos produtores rurais do munic\u00edpio. Envolvendo recursos de R$ 400 mil, as moradias foram constru\u00eddas atrav\u00e9s do Programa Minha Casa Minha Vida Rural do Governo Federal, em parceira com a prefeitura, Cohapar e Emater.<\/span><\/p>\n<p>As fam\u00edlias contempladas, que j\u00e1 est\u00e3o morando nas casas h\u00e1 alguns meses, pagar\u00e3o quatro presta\u00e7\u00f5es anuais de R$ 285,00 sendo que o restante \u00e9 subsidiado pelos governos do Paran\u00e1, federal e municipal. Alex Tarnapolski e a esposa Ireni, moradores na Ch\u00e1cara Boa Esperan\u00e7a, localizada na \u00e1rea rural conhecida como Serrinha, est\u00e3o usufruindo da nova moradia h\u00e1 2 meses. &ldquo;Minha casa estava caindo, tentei, mas n\u00e3o consegui financiamento para construir. Agora estamos felizes porque apareceu essa oportunidade e j\u00e1 temos uma casa nova. Foi uma oportunidade \u00fanica&rdquo;, declarou Tarnapolski. <\/p>\n<p>Nelson Cordeiro Justus destacou o ato de entrega das casas como mais um presente para Apucarana no seu anivers\u00e1rio de 71 anos. &ldquo;O programa de moradias voltado a pequenos produtores rurais contribui para manter as fam\u00edlias nas suas propriedades. A nossa parceria com o munic\u00edpio, o governo federal e \u00f3rg\u00e3os como a Emater render\u00e3o frutos e novas resid\u00eancias ser\u00e3o constru\u00eddas para ajudar a fixar o homem no campo&rdquo;, disse Justus.<\/p>\n<p>O prefeito Beto Preto adiantou que al\u00e9m das 14 fam\u00edlias j\u00e1 residindo nas suas casas, outras 49 devem ser contempladas em breve. &ldquo;Os processos est\u00e3o sendo preparados para incluir mais pequenos produtores rurais neste Programa Minha Casa Minha Vida Rural. Cada casa que vem para os apucaranenses \u00e9 uma conquista&rdquo;, afirmou.<\/p>\n<p><\/p>\n","protected":false},"excerpt":{"rendered":"<p>Envolvendo recursos de R$ 400 mil, as moradias foram constru&iacute;das atrav&eacute;s do Programa Minha Casa Minha Vida Rural <\/p>\n","protected":false},"author":4,"featured_media":0,"comment_status":"closed","ping_status":"closed","sticky":false,"template":"","format":"standard","meta":{"footnotes":""},"categories":[24],"tags":[],"class_list":["post-2528","post","type-post","status-publish","format-standard","hentry","category-noticias"],"acf":[],"_links":{"self":[{"href":"http:\/\/www.apucarana.pr.gov.br\/site\/wp-json\/wp\/v2\/posts\/2528","targetHints":{"allow":["GET"]}}],"collection":[{"href":"http:\/\/www.apucarana.pr.gov.br\/site\/wp-json\/wp\/v2\/posts"}],"about":[{"href":"http:\/\/www.apucarana.pr.gov.br\/site\/wp-json\/wp\/v2\/types\/post"}],"author":[{"embeddable":true,"href":"http:\/\/www.apucarana.pr.gov.br\/site\/wp-json\/wp\/v2\/users\/4"}],"replies":[{"embeddable":true,"href":"http:\/\/www.apucarana.pr.gov.br\/site\/wp-json\/wp\/v2\/comments?post=2528"}],"version-history":[{"count":1,"href":"http:\/\/www.apucarana.pr.gov.br\/site\/wp-json\/wp\/v2\/posts\/2528\/revisions"}],"predecessor-version":[{"id":104351,"href":"http:\/\/www.apucarana.pr.gov.br\/site\/wp-json\/wp\/v2\/posts\/2528\/revisions\/104351"}],"wp:attachment":[{"href":"http:\/\/www.apucarana.pr.gov.br\/site\/wp-json\/wp\/v2\/media?parent=2528"}],"wp:term":[{"taxonomy":"category","embeddable":true,"href":"http:\/\/www.apucarana.pr.gov.br\/site\/wp-json\/wp\/v2\/categories?post=2528"},{"taxonomy":"post_tag","embeddable":true,"href":"http:\/\/www.apucarana.pr.gov.br\/site\/wp-json\/wp\/v2\/tags?post=2528"}],"curies":[{"name":"wp","href":"https:\/\/api.w.org\/{rel}","templated":true}]}}