{"id":25275,"date":"2019-07-29T16:28:56","date_gmt":"2019-07-29T19:28:56","guid":{"rendered":"http:\/\/172.16.0.7\/site-antigo\/?p=25275"},"modified":"2024-10-08T09:18:59","modified_gmt":"2024-10-08T12:18:59","slug":"prefeitura-realiza-reuniao-com-contadores","status":"publish","type":"post","link":"http:\/\/www.apucarana.pr.gov.br\/site\/prefeitura-realiza-reuniao-com-contadores\/","title":{"rendered":"Prefeitura realiza reuni\u00e3o com contadores"},"content":{"rendered":"<p>A Secretaria Municipal de Fazenda de Apucarana e o Departamento de Fiscaliza\u00e7\u00e3o Tribut\u00e1ria convidam os Contadores que utilizam a Nota Fiscal Eletr\u00f4nica e o sistema DEISS para participarem amanh\u00e3 (30) de uma reuni\u00e3o.<br \/>\nO evento acontece entre 8h30 e 11h30, no Sal\u00e3o Nobre da Prefeitura. Na oportunidade ser\u00e1 apresentada a nova Nota Fiscal Servi\u00e7o Eletr\u00f4nica 2.0, Reciclagem da DEISS e Leis Complementares 116\/2003, 155\/2016 e 157\/2016.<br \/>\nO hor\u00e1rio entre 14 horas e 16 horas ser\u00e1 disponibilizado para sanar d\u00favidas e esclarecimentos gerais.<\/p>\n","protected":false},"excerpt":{"rendered":"<p>Evento acontece amanh\u00e3, entre 8h30 e 11h30, no Sal\u00e3o Nobre da Prefeitura (Foto &#8211; Edson Denobi)<\/p>\n","protected":false},"author":4,"featured_media":25277,"comment_status":"closed","ping_status":"open","sticky":false,"template":"","format":"standard","meta":{"footnotes":""},"categories":[24],"tags":[],"class_list":["post-25275","post","type-post","status-publish","format-standard","has-post-thumbnail","hentry","category-noticias"],"acf":[],"_links":{"self":[{"href":"http:\/\/www.apucarana.pr.gov.br\/site\/wp-json\/wp\/v2\/posts\/25275","targetHints":{"allow":["GET"]}}],"collection":[{"href":"http:\/\/www.apucarana.pr.gov.br\/site\/wp-json\/wp\/v2\/posts"}],"about":[{"href":"http:\/\/www.apucarana.pr.gov.br\/site\/wp-json\/wp\/v2\/types\/post"}],"author":[{"embeddable":true,"href":"http:\/\/www.apucarana.pr.gov.br\/site\/wp-json\/wp\/v2\/users\/4"}],"replies":[{"embeddable":true,"href":"http:\/\/www.apucarana.pr.gov.br\/site\/wp-json\/wp\/v2\/comments?post=25275"}],"version-history":[{"count":1,"href":"http:\/\/www.apucarana.pr.gov.br\/site\/wp-json\/wp\/v2\/posts\/25275\/revisions"}],"predecessor-version":[{"id":100288,"href":"http:\/\/www.apucarana.pr.gov.br\/site\/wp-json\/wp\/v2\/posts\/25275\/revisions\/100288"}],"wp:featuredmedia":[{"embeddable":true,"href":"http:\/\/www.apucarana.pr.gov.br\/site\/wp-json\/"}],"wp:attachment":[{"href":"http:\/\/www.apucarana.pr.gov.br\/site\/wp-json\/wp\/v2\/media?parent=25275"}],"wp:term":[{"taxonomy":"category","embeddable":true,"href":"http:\/\/www.apucarana.pr.gov.br\/site\/wp-json\/wp\/v2\/categories?post=25275"},{"taxonomy":"post_tag","embeddable":true,"href":"http:\/\/www.apucarana.pr.gov.br\/site\/wp-json\/wp\/v2\/tags?post=25275"}],"curies":[{"name":"wp","href":"https:\/\/api.w.org\/{rel}","templated":true}]}}