{"id":25270,"date":"2019-07-29T13:09:01","date_gmt":"2019-07-29T16:09:01","guid":{"rendered":"http:\/\/172.16.0.7\/site-antigo\/?p=25270"},"modified":"2024-10-08T09:19:00","modified_gmt":"2024-10-08T12:19:00","slug":"rede-municipal-ofertara-aulas-de-espanhol-em-2020","status":"publish","type":"post","link":"http:\/\/www.apucarana.pr.gov.br\/site\/rede-municipal-ofertara-aulas-de-espanhol-em-2020\/","title":{"rendered":"Rede municipal ofertar\u00e1 aulas de espanhol em 2020"},"content":{"rendered":"<p>Al\u00e9m das aulas de ingl\u00eas que j\u00e1 s\u00e3o ministradas na rede municipal de ensino, Apucarana ofertar\u00e1 tamb\u00e9m o espanhol a partir de 2020. O an\u00fancio foi feito nesta segunda-feira (29\/07) pelo prefeito Junior da Femac. A forma como esse ensino ser\u00e1 implantado ainda ser\u00e1 definida, podendo ser atrav\u00e9s de um conv\u00eanio com a Universidade Estadual do Paran\u00e1 (Unespar) ou com a abertura de concurso p\u00fablico para a contrata\u00e7\u00e3o dos professores.<br \/>\nA novidade foi divulgada ap\u00f3s reuni\u00e3o realizada no gabinete e que contou com a presen\u00e7a de Daniel Fernando Matheus Gomes, diretor do campus Apucarana da Unespar, de Leonardo Sartori, vice-diretor, de Am\u00e1bile Piacentine Drogui, coordenadora do curso de Letras Espanhol e do professor do curso Enrique Nuesch.<br \/>\nO prefeito de Apucarana afirma que a introdu\u00e7\u00e3o do espanhol j\u00e1 vinha sendo discutida com a professora Marli Fernandes, diretora-presidente da Autarquia Municipal de Educa\u00e7\u00e3o. \u201cApucarana j\u00e1 oferece na gest\u00e3o Beto Preto o ingl\u00eas do pr\u00e9 ao 5\u00ba ano e agora , a partir do 1\u00ba semestre do ano que vem, pretendemos disponibilizar o espanhol para todos os alunos da rede municipal de ensino\u201d, reitera Junior da Femac.<br \/>\nO prefeito ressalta que o espanhol \u00e9 a segunda l\u00edngua mais falada no mundo e que o estudo deste idioma amplia a conex\u00e3o com os pa\u00edses do Mercosul. \u201cExiste j\u00e1 uma integra\u00e7\u00e3o econ\u00f4mica, cultural, digital e tamb\u00e9m de fronteiras, pois o Paran\u00e1 faz divisa por exemplo com o Paraguai e a Argentina\u201d, observa.<br \/>\nJunior da Femac afirma que, junto com a equipe da Autarquia Municipal de Educa\u00e7\u00e3o e a Procuradoria Jur\u00eddica do Munic\u00edpio, ser\u00e1 estudada a melhor forma de implanta\u00e7\u00e3o da iniciativa. \u201cAt\u00e9 o final do ano vamos preparar a quest\u00e3o documental, de curr\u00edculo e jur\u00eddica para que os nossos estudantes j\u00e1 possam come\u00e7ar o pr\u00f3ximo ano letivo com essa novidade\u201d, assinala.<br \/>\nA secret\u00e1ria de educa\u00e7\u00e3o, professora Marli Fernandes, diz que o ingl\u00eas \u2013 que n\u00e3o \u00e9 exig\u00eancia no Ensino B\u00e1sico \u2013 j\u00e1 ofertado desde 2014 para as turmas do pr\u00e9 ao 5\u00ba ano nas escolas p\u00fablicas de Apucarana. \u201cAgora, ao adicionar o espanhol, \u00e9 uma forma de incrementar uma das compet\u00eancias gerais, que tratam da comunica\u00e7\u00e3o na Base Nacional Comum Curricular\u201d, avalia a secret\u00e1ria.<br \/>\nConforme assinala Marli Fernandes, garantir o ingl\u00eas nesta faixa et\u00e1ria foi um ganho significativo. \u201cCom o espanhol, as crian\u00e7as ter\u00e3o contato com tr\u00eas l\u00ednguas, o que favorece a comunica\u00e7\u00e3o, a interpreta\u00e7\u00e3o e a express\u00e3o oral, al\u00e9m de oportunizar o conhecimento de outras culturas\u201d, pontua a professora.<br \/>\nDe acordo com Daniel Fernando Matheus Gomes, diretor da Unespar, o curso de Letras Espanhol foi implantado em 2013 pela institui\u00e7\u00e3o de ensino. \u201cBuscamos trabalhar com turmas menores para garantir a boa capacita\u00e7\u00e3o dos profissionais. S\u00e3o em torno de 10 professores por ano que concluem o curso e, como ele foi implantado em 2013, at\u00e9 o final deste ano teremos formado cerca de 50 professores\u201d, salienta o diretor da Unespar.<br \/>\nAm\u00e1bile Piacentine Drogui, coordenadora do curso de Letras Espanhol da Unespar, afirma que a matriz curricular possui uma disciplina espec\u00edfica para capacitar os professores no ensino de crian\u00e7as. \u201cTemos a disciplina Ensino de Espanhol para Crian\u00e7as, para que os professores saibam atuar neste contexto. O objetivo \u00e9 preparar os professores a trabalhar o l\u00fadico, o desenvolvimento da criatividade e o gosto pelas l\u00ednguas estrangeiras\u201d, frisa Am\u00e1bile.<br \/>\nA coordenadora cita um levantamento do Instituto Cervantes, que aponta o \u00a0espanhol como a segunda l\u00edngua mais falada no mundo, perdendo apenas para o mandarim. \u201cOcupa tamb\u00e9m o segundo lugar nas redes sociais mais importantes da atualidade, \u00e9 op\u00e7\u00e3o nos exames espec\u00edficos para ingresso nas universidades brasileiras, tamb\u00e9m sendo aceita nos programas de mestrado e doutorado de distintas \u00e1reas do conhecimento. Al\u00e9m da relev\u00e2ncia do espanhol no mundo, o Brasil est\u00e1 geograficamente localizado entre sete pa\u00edses hispano-falantes. Portanto,\u00a0 estudar esse idioma \u00e9 conhecer a l\u00edngua de nossos vizinhos e melhor aproveitar as rela\u00e7\u00f5es fronteiri\u00e7as\u201d, avalia Am\u00e1bile.<\/p>\n","protected":false},"excerpt":{"rendered":"<p>O prefeito de Apucarana ressalta que o espanhol \u00e9 a segunda l\u00edngua mais falada no mundo e que o estudo deste idioma amplia a conex\u00e3o com os pa\u00edses do Mercosul. (Foto: Edson Denobi)<\/p>\n","protected":false},"author":4,"featured_media":25273,"comment_status":"closed","ping_status":"open","sticky":false,"template":"","format":"standard","meta":{"footnotes":""},"categories":[24],"tags":[],"class_list":["post-25270","post","type-post","status-publish","format-standard","has-post-thumbnail","hentry","category-noticias"],"acf":[],"_links":{"self":[{"href":"http:\/\/www.apucarana.pr.gov.br\/site\/wp-json\/wp\/v2\/posts\/25270","targetHints":{"allow":["GET"]}}],"collection":[{"href":"http:\/\/www.apucarana.pr.gov.br\/site\/wp-json\/wp\/v2\/posts"}],"about":[{"href":"http:\/\/www.apucarana.pr.gov.br\/site\/wp-json\/wp\/v2\/types\/post"}],"author":[{"embeddable":true,"href":"http:\/\/www.apucarana.pr.gov.br\/site\/wp-json\/wp\/v2\/users\/4"}],"replies":[{"embeddable":true,"href":"http:\/\/www.apucarana.pr.gov.br\/site\/wp-json\/wp\/v2\/comments?post=25270"}],"version-history":[{"count":1,"href":"http:\/\/www.apucarana.pr.gov.br\/site\/wp-json\/wp\/v2\/posts\/25270\/revisions"}],"predecessor-version":[{"id":100289,"href":"http:\/\/www.apucarana.pr.gov.br\/site\/wp-json\/wp\/v2\/posts\/25270\/revisions\/100289"}],"wp:featuredmedia":[{"embeddable":true,"href":"http:\/\/www.apucarana.pr.gov.br\/site\/wp-json\/"}],"wp:attachment":[{"href":"http:\/\/www.apucarana.pr.gov.br\/site\/wp-json\/wp\/v2\/media?parent=25270"}],"wp:term":[{"taxonomy":"category","embeddable":true,"href":"http:\/\/www.apucarana.pr.gov.br\/site\/wp-json\/wp\/v2\/categories?post=25270"},{"taxonomy":"post_tag","embeddable":true,"href":"http:\/\/www.apucarana.pr.gov.br\/site\/wp-json\/wp\/v2\/tags?post=25270"}],"curies":[{"name":"wp","href":"https:\/\/api.w.org\/{rel}","templated":true}]}}