{"id":2527,"date":"2015-01-29T19:30:00","date_gmt":"2015-01-29T19:30:00","guid":{"rendered":"http:\/\/172.16.0.7\/site-antigo\/?p=2527"},"modified":"2024-10-08T09:10:24","modified_gmt":"2024-10-08T12:10:24","slug":"cezar-menotti-e-fabiano-cantam-para-mais-de-20-mil","status":"publish","type":"post","link":"http:\/\/www.apucarana.pr.gov.br\/site\/cezar-menotti-e-fabiano-cantam-para-mais-de-20-mil\/","title":{"rendered":"C\u00e9zar Menotti e Fabiano cantam para mais de 20 mil"},"content":{"rendered":"<p><p><span style=\"letter-spacing: -0.02em; line-height: 1.45em; background-color: initial;\">M\u00fasica de qualidade, p\u00fablico de 50 mil pessoas, seguran\u00e7a e organiza\u00e7\u00e3o. Essa combina\u00e7\u00e3o de fatores marcou os 4 dias de shows realizados na Pra\u00e7a Rui Barbosa em comemora\u00e7\u00e3o aos 71 anos de Apucarana. O encerramento da programa\u00e7\u00e3o, ontem \u00e0 noite (28), com C\u00e9zar Menotti e Fabiano, reuniu uma multid\u00e3o que acompanhou a dupla catando &ldquo;parab\u00e9ns&rdquo; para Apucarana, ao lado do prefeito Beto Preto e da primeira dama Adriana Gon\u00e7alves.<\/span><\/p>\n<p>C\u00e9zar Menotti e Fabiano interagiram muito com o p\u00fablico, lembrando o per\u00edodo da suas vidas, na inf&acirc;ncia e adolesc\u00eancia, em que residiam na cidade. &ldquo;Temos um carinho muito especial por Apucarana e \u00e9 um grande prazer cantar para voc\u00eas nesta data em que o munic\u00edpio completa 71 anos&rdquo;, disseram. Eles dividiram o palco e destacaram o talento da dupla apucaranense Vitor e Vanuti, que foi sucesso no programa &ldquo;The Voice Brasil&rdquo;. Os quatro se revezaram em algumas m\u00fasicas, proporcionando um grande espet\u00e1culo as cerca de 20 mil pessoas que assistiam a apresenta\u00e7\u00e3o. <\/p>\n<p>Na noite anterior, o cantor Marciano contagiou o p\u00fablico com as m\u00fasicas que marcaram a sua carreira quando cantava ao lado de <span>Jo\u00e3o Mineiro. A dupla fez sucesso por d\u00e9cadas em todo o Brasil. Para esta apresenta\u00e7\u00e3o, a prefeitura reservou uma \u00e1rea, com cadeiras, na frente do palco, para integrantes dos 39 Grupos Conviver da Terceira Idade, a quem Marciano rendeu homenagem durante sua apresenta\u00e7\u00e3o.<\/span><\/p>\n<p>&ldquo;Tivemos tamb\u00e9m a dupla Vitor e Vanuti e a banda Metr\u00f3pole. Foram quatro dias de festa e muita m\u00fasica para os apucaranenses celebrarem esta importante data dos 71 anos da cidade&rdquo;, afirmou Beto Preto.<\/p>\n<p><\/p>\n","protected":false},"excerpt":{"rendered":"<p>Dupla encerrou a programa&ccedil;&atilde;o de quatro dias de shows das festividades de anivers&aacute;rio de Apucarana<\/p>\n","protected":false},"author":4,"featured_media":0,"comment_status":"closed","ping_status":"closed","sticky":false,"template":"","format":"standard","meta":{"footnotes":""},"categories":[24],"tags":[],"class_list":["post-2527","post","type-post","status-publish","format-standard","hentry","category-noticias"],"acf":[],"_links":{"self":[{"href":"http:\/\/www.apucarana.pr.gov.br\/site\/wp-json\/wp\/v2\/posts\/2527","targetHints":{"allow":["GET"]}}],"collection":[{"href":"http:\/\/www.apucarana.pr.gov.br\/site\/wp-json\/wp\/v2\/posts"}],"about":[{"href":"http:\/\/www.apucarana.pr.gov.br\/site\/wp-json\/wp\/v2\/types\/post"}],"author":[{"embeddable":true,"href":"http:\/\/www.apucarana.pr.gov.br\/site\/wp-json\/wp\/v2\/users\/4"}],"replies":[{"embeddable":true,"href":"http:\/\/www.apucarana.pr.gov.br\/site\/wp-json\/wp\/v2\/comments?post=2527"}],"version-history":[{"count":1,"href":"http:\/\/www.apucarana.pr.gov.br\/site\/wp-json\/wp\/v2\/posts\/2527\/revisions"}],"predecessor-version":[{"id":104352,"href":"http:\/\/www.apucarana.pr.gov.br\/site\/wp-json\/wp\/v2\/posts\/2527\/revisions\/104352"}],"wp:attachment":[{"href":"http:\/\/www.apucarana.pr.gov.br\/site\/wp-json\/wp\/v2\/media?parent=2527"}],"wp:term":[{"taxonomy":"category","embeddable":true,"href":"http:\/\/www.apucarana.pr.gov.br\/site\/wp-json\/wp\/v2\/categories?post=2527"},{"taxonomy":"post_tag","embeddable":true,"href":"http:\/\/www.apucarana.pr.gov.br\/site\/wp-json\/wp\/v2\/tags?post=2527"}],"curies":[{"name":"wp","href":"https:\/\/api.w.org\/{rel}","templated":true}]}}