{"id":25264,"date":"2019-07-27T12:28:56","date_gmt":"2019-07-27T15:28:56","guid":{"rendered":"http:\/\/172.16.0.7\/site-antigo\/?p=25264"},"modified":"2024-10-08T09:19:00","modified_gmt":"2024-10-08T12:19:00","slug":"junior-da-femac-inaugura-asfalto-no-recanto-mundo-novo","status":"publish","type":"post","link":"http:\/\/www.apucarana.pr.gov.br\/site\/junior-da-femac-inaugura-asfalto-no-recanto-mundo-novo\/","title":{"rendered":"Junior da Femac inaugura asfalto no Recanto Mundo Novo"},"content":{"rendered":"<p>O prefeito Junior da Femac inaugurou hoje (27) as obras de pavimenta\u00e7\u00e3o e de drenagem das \u00e1guas pluviais de ruas do Recanto Mundo Novo. No total est\u00e3o sendo executados 12.217,99 m\u00b2 de asfalto, com investimento de R$ 967 mil, com recursos pr\u00f3prios do munic\u00edpio.<br \/>\nAs obras do asfalto em concreto betuminoso usinado a quente (CBUQ) e drenagem de \u00e1guas pluviais beneficiaram as ruas Equador, Costa Rica e M\u00e9xico, bem como da Avenida Mato Grosso e final da Avenida Itarar\u00e9, no Jardim Ponta Grossa. \u201cMoradores esperaram pela benfeitoria por mais de 40 anos e agora recebem um asfalto de qualidade e sem custo\u201d, destacou Junior da Femac, anunciando que a regi\u00e3o vai ganhar em breve ilumina\u00e7\u00e3o nova, uma pista de caminhada \u00e0 margem da Represa Smith e ainda ser\u00e1 beneficiada por um projeto de constru\u00e7\u00e3o de cal\u00e7ada.<br \/>\nJunior lembrou que \u201cem 2012 muitos moradores caminharam por essas ruas sem asfalto comigo e o Beto Preto. \u201cEssas pessoas colocaram esperan\u00e7a em n\u00f3s e agora estamos aqui nesse momento emocionante. Por essas ruas v\u00e3o passar carros, sa\u00fade, educa\u00e7\u00e3o e transporte, dando mais dignidades a seus moradores.\u201d<br \/>\nOs trechos pavimentados no Recanto Mundo Novo s\u00e3o os seguintes: Avenida Mato Grosso, entre a Rua M\u00e9xico e Equador, em um total de 4.358,48 m\u00b2; Avenida Itarar\u00e9, entre as ruas Costa Rica e Equador, em um total de 2.029,37 m\u00b2; Rua M\u00e9xico, entre a Avenida Itarar\u00e9 e Rua Cuba, em um total de 2.748,58; Rua Costa Rica, entre a Avenida Itarar\u00e9 e Rua Cuba, em um total de 1.788,90 m\u00b2; e Rua Equador, entre a Avenida Itarar\u00e9 e Rua Cuba, em um total de 1.292,40 m\u00b2.<br \/>\nJ\u00fanior fez um relato das obras executadas pela gest\u00e3o Beto Preto no setor de pavimenta\u00e7\u00e3o. \u201cAssumimos a cidade em 2013 com 97 quil\u00f4metros de ruas n\u00e3o pavimentados. Seis anos depois, j\u00e1 fizemos 91 quil\u00f4metros de asfalto novo e ainda cuidamos do pavimento antigo com tapa-buraco, reperfilamento, lama asf\u00e1ltica e micropavimento, al\u00e9m de pavimentar in\u00fameros trechos em paralelep\u00edpedo. Estamos a 6 \u00a0quil\u00f4metros de asfaltar Apucarana toda, e \u00e9 o que vamos fazer. Do asfalto n\u00e3o abro m\u00e3o porque ele \u00e9 dignidade\u201d, afirmou o prefeito.<br \/>\nCarmem Josias de Oliveira, moradora h\u00e1 mais de 20 anos na Rua S\u00e3o Vicente, esquina com a Avenida Mato Grosso, diz que o seu maior receio acabou com a chegada do asfalto. \u201cMeu medo era um dia de precisar de um socorro urgente e a ambul\u00e2ncia n\u00e3o poder chegar at\u00e9 minha casa por causa das condi\u00e7\u00f5es das ruas. Era muito buraco que junto com a lama em dia de chuva era imposs\u00edvel passar um carro. A gente sofria muito com poeira e barro, mas agora tudo acabou e n\u00f3s estamos numa felicidade s\u00f3\u201d, declarou Carmem.<br \/>\nPara a moradora da Avenida Itarar\u00e9, 1553, Terezinha dos Santos Souza, a cena, em muitas ocasi\u00f5es, de vizinhas amanhecendo o dia tirando a \u00e1gua e lama de dentro de casa agora \u00e9 coisa do passado. \u201cForam muitos anos de sofrimento, com poeira e lama. Muita gente j\u00e1 se foi sem ver o sonho realizado, como o do meu filho que perdemos h\u00e1 4 meses. Esperamos longos anos e nada acontecia. Por isso, agrade\u00e7o ao prefeito que prometeu e cumpriu. S\u00f3 n\u00f3s que tivemos que passar por tantas dificuldades sabemos agradecer por esse momento\u201d, disse Terezinha.<br \/>\nNa gest\u00e3o Beto Preto, o Recanto Mundo Novo j\u00e1 recebeu uma etapa de pavimenta\u00e7\u00e3o asf\u00e1ltica. Somando com a obra inaugurada hoje foram investidos no bairro R$ 1,5 milh\u00e3o de asfalto, custeado com recursos pr\u00f3prios do munic\u00edpio.<br \/>\nA inaugura\u00e7\u00e3o do asfalto no Recanto Mundo Novo foi prestigiada pelo deputado estadual Arilson Chiorato, vereadores e secret\u00e1rios municipais e moradores do bairro.<br \/>\n&nbsp;<br \/>\n&nbsp;<br \/>\n&nbsp;<br \/>\n&nbsp;<br \/>\n&nbsp;<\/p>\n","protected":false},"excerpt":{"rendered":"<p>Na segunda etapa de obras no bairro foram executados 12.217,99 m\u00b2 de asfalto, com investimento de R$ 967 mil com recursos pr\u00f3prios do munic\u00edpio (Fotos &#8211; Profeta)<\/p>\n","protected":false},"author":4,"featured_media":25265,"comment_status":"closed","ping_status":"open","sticky":false,"template":"","format":"standard","meta":{"footnotes":""},"categories":[24],"tags":[],"class_list":["post-25264","post","type-post","status-publish","format-standard","has-post-thumbnail","hentry","category-noticias"],"acf":[],"_links":{"self":[{"href":"http:\/\/www.apucarana.pr.gov.br\/site\/wp-json\/wp\/v2\/posts\/25264","targetHints":{"allow":["GET"]}}],"collection":[{"href":"http:\/\/www.apucarana.pr.gov.br\/site\/wp-json\/wp\/v2\/posts"}],"about":[{"href":"http:\/\/www.apucarana.pr.gov.br\/site\/wp-json\/wp\/v2\/types\/post"}],"author":[{"embeddable":true,"href":"http:\/\/www.apucarana.pr.gov.br\/site\/wp-json\/wp\/v2\/users\/4"}],"replies":[{"embeddable":true,"href":"http:\/\/www.apucarana.pr.gov.br\/site\/wp-json\/wp\/v2\/comments?post=25264"}],"version-history":[{"count":1,"href":"http:\/\/www.apucarana.pr.gov.br\/site\/wp-json\/wp\/v2\/posts\/25264\/revisions"}],"predecessor-version":[{"id":100291,"href":"http:\/\/www.apucarana.pr.gov.br\/site\/wp-json\/wp\/v2\/posts\/25264\/revisions\/100291"}],"wp:featuredmedia":[{"embeddable":true,"href":"http:\/\/www.apucarana.pr.gov.br\/site\/wp-json\/"}],"wp:attachment":[{"href":"http:\/\/www.apucarana.pr.gov.br\/site\/wp-json\/wp\/v2\/media?parent=25264"}],"wp:term":[{"taxonomy":"category","embeddable":true,"href":"http:\/\/www.apucarana.pr.gov.br\/site\/wp-json\/wp\/v2\/categories?post=25264"},{"taxonomy":"post_tag","embeddable":true,"href":"http:\/\/www.apucarana.pr.gov.br\/site\/wp-json\/wp\/v2\/tags?post=25264"}],"curies":[{"name":"wp","href":"https:\/\/api.w.org\/{rel}","templated":true}]}}