{"id":2526,"date":"2015-01-29T19:23:00","date_gmt":"2015-01-29T19:23:00","guid":{"rendered":"http:\/\/172.16.0.7\/site-antigo\/?p=2526"},"modified":"2024-10-08T09:10:24","modified_gmt":"2024-10-08T12:10:24","slug":"missa-sertaneja-celebra-os-71-anos-de-apucarana","status":"publish","type":"post","link":"http:\/\/www.apucarana.pr.gov.br\/site\/missa-sertaneja-celebra-os-71-anos-de-apucarana\/","title":{"rendered":"Missa Sertaneja celebra os 71 anos de Apucarana"},"content":{"rendered":"<\/p>\n<p><span style=\"letter-spacing: -0.02em; line-height: 1.45em; background-color: initial;\">A programa\u00e7\u00e3o religiosa do dia do anivers\u00e1rio de Apucarana foi marcada ontem (28) com a celebra\u00e7\u00e3o da 3\u00aa Missa Sertaneja em A\u00e7\u00e3o de Gra\u00e7as, realizada no Parque Ecol\u00f3gico S\u00e3o Francisco de Assis, localizado dentro da \u00e1rea do Parque Bigua\u00e7u. Promovida pela diaconia S\u00e3o Francisco de Assis, a missa foi presidida pelo padre Jefferson Nogueira da Mata.<\/span><\/p>\n<p>Destacando aspectos culturais e s\u00edmbolos da \u00e1rea rural, a missa tamb\u00e9m contou com um diferencial na parte musical. Os c&acirc;nticos lit\u00fargicos foram entoados em ritmo sertanejo pelo Coral Vozes da Terra. Aconteceu ainda a participa\u00e7\u00e3o especial do Grupo Catireiros da Par\u00f3quia Cristo Sacerdote.<\/p>\n<p>A missa atraiu fi\u00e9is, a maioria fam\u00edlias, de diferentes bairros, protagonizando momentos de ora\u00e7\u00e3o num dos espa\u00e7os verde mais bonitos da cidade. O Parque Ecol\u00f3gico S\u00e3o Francisco de Assis possui v\u00e1rios atrativos naturais, com muitas nascentes, mata atl&acirc;ntica e arauc\u00e1rias. <\/p>\n<p><\/p>\n","protected":false},"excerpt":{"rendered":"<p>Evento religioso foi realizado no Parque Ecol&oacute;gico S&atilde;o Francisco de Assis<\/p>\n","protected":false},"author":4,"featured_media":0,"comment_status":"closed","ping_status":"closed","sticky":false,"template":"","format":"standard","meta":{"footnotes":""},"categories":[24],"tags":[],"class_list":["post-2526","post","type-post","status-publish","format-standard","hentry","category-noticias"],"acf":[],"_links":{"self":[{"href":"http:\/\/www.apucarana.pr.gov.br\/site\/wp-json\/wp\/v2\/posts\/2526","targetHints":{"allow":["GET"]}}],"collection":[{"href":"http:\/\/www.apucarana.pr.gov.br\/site\/wp-json\/wp\/v2\/posts"}],"about":[{"href":"http:\/\/www.apucarana.pr.gov.br\/site\/wp-json\/wp\/v2\/types\/post"}],"author":[{"embeddable":true,"href":"http:\/\/www.apucarana.pr.gov.br\/site\/wp-json\/wp\/v2\/users\/4"}],"replies":[{"embeddable":true,"href":"http:\/\/www.apucarana.pr.gov.br\/site\/wp-json\/wp\/v2\/comments?post=2526"}],"version-history":[{"count":1,"href":"http:\/\/www.apucarana.pr.gov.br\/site\/wp-json\/wp\/v2\/posts\/2526\/revisions"}],"predecessor-version":[{"id":104353,"href":"http:\/\/www.apucarana.pr.gov.br\/site\/wp-json\/wp\/v2\/posts\/2526\/revisions\/104353"}],"wp:attachment":[{"href":"http:\/\/www.apucarana.pr.gov.br\/site\/wp-json\/wp\/v2\/media?parent=2526"}],"wp:term":[{"taxonomy":"category","embeddable":true,"href":"http:\/\/www.apucarana.pr.gov.br\/site\/wp-json\/wp\/v2\/categories?post=2526"},{"taxonomy":"post_tag","embeddable":true,"href":"http:\/\/www.apucarana.pr.gov.br\/site\/wp-json\/wp\/v2\/tags?post=2526"}],"curies":[{"name":"wp","href":"https:\/\/api.w.org\/{rel}","templated":true}]}}