{"id":25255,"date":"2019-07-27T12:11:07","date_gmt":"2019-07-27T15:11:07","guid":{"rendered":"http:\/\/172.16.0.7\/site-antigo\/?p=25255"},"modified":"2024-10-08T09:19:00","modified_gmt":"2024-10-08T12:19:00","slug":"prefeitura-cede-plantadeira-de-cafe-aos-produtores-do-pirapo","status":"publish","type":"post","link":"http:\/\/www.apucarana.pr.gov.br\/site\/prefeitura-cede-plantadeira-de-cafe-aos-produtores-do-pirapo\/","title":{"rendered":"Prefeitura cede plantadeira de caf\u00e9 aos produtores do Pirap\u00f3"},"content":{"rendered":"<p style=\"font-weight: 400\">\n<p style=\"font-weight: 400\">Em evento realizado na noite de quinta-feira (25), a Prefeitura de Apucarana entregou para a Associa\u00e7\u00e3o dos Cafeicultores do Pirap\u00f3, em regime de cess\u00e3o de uso, uma plantadeira de caf\u00e9, com capacidade para plantio de 20 mil mudas\/dia. A m\u00e1quina custou R$48 mil e foi integrada ao patrim\u00f4nio do Munic\u00edpio, sendo repassada em regime de comodato aos produtores.<\/p>\n<p style=\"font-weight: 400\">A reivindica\u00e7\u00e3o da associa\u00e7\u00e3o havia sido apresentada no in\u00edcio do ano, como forma de contribuir na cafeicultura que tem sido prejudicada com a escassez de m\u00e3o de obra. O evento aconteceu na sede da Associa\u00e7\u00e3o dos Cafeicultores do Pirap\u00f3, e contou com a presen\u00e7a do prefeito Junior da Femac, dos vereadores Francylei de Godoi \u201cPoim\u201d e Mauro Bertoli; e os secret\u00e1rios municipais L\u00e1ercio de Morais, Ana Paula Nazarko, Sueli de Freitas, Jossuela Pinheiro e Nicolai Cernescu Junior.<\/p>\n<p style=\"font-weight: 400\">Conforme argumentou o prefeito Junior da Femac, o\u00a0caf\u00e9 representa uma parte importante da economia de Apucarana. \u201cO caf\u00e9 foi o in\u00edcio de tudo com os pioneiros e faz parte da identidade da nossa Apucarana. \u00c9 uma honra poder apoiar as fam\u00edlias dos cafeicultores com este equipamento com capacidade para plantio de at\u00e9 20 mil mudas de caf\u00e9 por dia\u201d, comentou o prefeito, acrescentando ainda que o munic\u00edpio tem a melhor terra para caf\u00e9 no Brasil e isso tudo justifica esse investimento em favor dos cafeicultores.<\/p>\n<p style=\"font-weight: 400\">Junior da Femac lembrou ainda que o pedido da Associa\u00e7\u00e3o dos Cafeicultores era para a aquisi\u00e7\u00e3o de uma m\u00e1quina de menor porte, ao custo de R$ 20 mil. \u201cOptamos por um equipamento de melhor qualidade e com mais capacidade para atender a demanda dos cafeicultores da regi\u00e3o, que planejam renovar seus cafezais e at\u00e9 ampliar a \u00e1rea de plantio\u201d, assinalou.<\/p>\n<p style=\"font-weight: 400\">Segundo o prefeito, a gest\u00e3o Beto Preto criou a Secretaria da Agricultura e passou a criar pol\u00edticas p\u00fablicas em favor do campo. \u201cAssim nasceu o Programa Terra Forte e, da mesma forma, seguimos formando mudas selecionadas e resistentes para os cafeicultores\u201d, destacou Junior, lembrando que hoje temos caf\u00e9s que saem do Pirap\u00f3 para a It\u00e1lia e Austr\u00e1lia.<\/p>\n<p style=\"font-weight: 400\">O presidente da Associa\u00e7\u00e3o dos Cafeicultores do Pirap\u00f3, Mauro Machado, disse que os produtores recebem o plantadeira com muita satisfa\u00e7\u00e3o e a certeza de que esse implemento ser\u00e1 de fundamental import\u00e2ncia para alavancar a produ\u00e7\u00e3o na regi\u00e3o. \u201cVamos aumentar a produ\u00e7\u00e3o, superando a dificuldade da falta de m\u00e3o de obra. Estamos muito animados para ampliar a \u00e1rea plantada e investir em caf\u00e9s de qualidade\u201d, frisou Machado.<\/p>\n<p style=\"font-weight: 400\">A cafeicultora Solange Araujo, que j\u00e1 exporta seu caf\u00e9 para a Austr\u00e1lia, disse que o equipamento vai ajudar muito plantio uniforme e garantir mais produtividade. \u201cCom o plantio manual, al\u00e9m da dificuldade de m\u00e3o de obra, os cafeeiros n\u00e3o saem na mesma linha. Com a plantadeira e a colheitadeira \u2013 que j\u00e1 estava \u00e0 diposi\u00e7\u00e3o &#8211; de caf\u00e9 temos perspectivas otimistas para a cafeicultura no Pirap\u00f3\u201d, comentou Solange.<\/p>\n<p style=\"font-weight: 400\">O vereador Francylei de Godoi \u201cPoim\u201d disse que se empenhou junto ao prefeito Junior da Femac para atender a reivindica\u00e7\u00e3o dos produtores. \u201cA partir de agora, com certeza, a cafeicultura ter\u00e1 uma nova din\u00e2mica em favor dos produtores integrados \u00e0 Associa\u00e7\u00e3o dos Cafeicultores do Pirap\u00f3\u201d, avaliou Poim.<\/p>\n","protected":false},"excerpt":{"rendered":"<p>Equipamento foi adquirido pelo Munic\u00edpio e repassado em comodato para a associa\u00e7\u00e3o dos cafeicultores do distrito (Fotos &#8211; Profeta)<\/p>\n","protected":false},"author":4,"featured_media":25256,"comment_status":"closed","ping_status":"open","sticky":false,"template":"","format":"standard","meta":{"footnotes":""},"categories":[24],"tags":[],"class_list":["post-25255","post","type-post","status-publish","format-standard","has-post-thumbnail","hentry","category-noticias"],"acf":[],"_links":{"self":[{"href":"http:\/\/www.apucarana.pr.gov.br\/site\/wp-json\/wp\/v2\/posts\/25255","targetHints":{"allow":["GET"]}}],"collection":[{"href":"http:\/\/www.apucarana.pr.gov.br\/site\/wp-json\/wp\/v2\/posts"}],"about":[{"href":"http:\/\/www.apucarana.pr.gov.br\/site\/wp-json\/wp\/v2\/types\/post"}],"author":[{"embeddable":true,"href":"http:\/\/www.apucarana.pr.gov.br\/site\/wp-json\/wp\/v2\/users\/4"}],"replies":[{"embeddable":true,"href":"http:\/\/www.apucarana.pr.gov.br\/site\/wp-json\/wp\/v2\/comments?post=25255"}],"version-history":[{"count":1,"href":"http:\/\/www.apucarana.pr.gov.br\/site\/wp-json\/wp\/v2\/posts\/25255\/revisions"}],"predecessor-version":[{"id":100292,"href":"http:\/\/www.apucarana.pr.gov.br\/site\/wp-json\/wp\/v2\/posts\/25255\/revisions\/100292"}],"wp:featuredmedia":[{"embeddable":true,"href":"http:\/\/www.apucarana.pr.gov.br\/site\/wp-json\/"}],"wp:attachment":[{"href":"http:\/\/www.apucarana.pr.gov.br\/site\/wp-json\/wp\/v2\/media?parent=25255"}],"wp:term":[{"taxonomy":"category","embeddable":true,"href":"http:\/\/www.apucarana.pr.gov.br\/site\/wp-json\/wp\/v2\/categories?post=25255"},{"taxonomy":"post_tag","embeddable":true,"href":"http:\/\/www.apucarana.pr.gov.br\/site\/wp-json\/wp\/v2\/tags?post=25255"}],"curies":[{"name":"wp","href":"https:\/\/api.w.org\/{rel}","templated":true}]}}