{"id":2525,"date":"2015-01-29T19:09:00","date_gmt":"2015-01-29T19:09:00","guid":{"rendered":"http:\/\/172.16.0.7\/site-antigo\/?p=2525"},"modified":"2024-10-08T09:10:24","modified_gmt":"2024-10-08T12:10:24","slug":"jardim-ponta-grossa-faz-bolo-de-71-metros-para-apucarana","status":"publish","type":"post","link":"http:\/\/www.apucarana.pr.gov.br\/site\/jardim-ponta-grossa-faz-bolo-de-71-metros-para-apucarana\/","title":{"rendered":"Jardim Ponta Grossa faz bolo  de 71 metros para Apucarana"},"content":{"rendered":"<p><p><span style=\"letter-spacing: -0.02em; line-height: 1.45em; background-color: initial;\">A comunidade do jardim Ponta Grossa se mobilizou mais uma vez e preparou um grande bolo, para comemorar o anivers\u00e1rio de Apucarana, na tarde de ontem. Moradoras do bairro, a exemplo de anos anteriores, trabalharam em suas casas para que juntas, conseguissem produzir um bolo de 71 metros de comprimento. Os ingredientes foram obtidos com diversos colaboradores do com\u00e9rcio, da ind\u00fastria e prestadores de servi\u00e7os.<\/span><\/p>\n<p>Centenas de pessoas participaram da divis\u00e3o e distribui\u00e7\u00e3o do bolo, na festa que aconteceu em frente ao gin\u00e1sio de esportes do bairro, o &ldquo;Cebol\u00e3o&rdquo;. O vereador Vladimir Jos\u00e9 da Silva \u00e9 o idealizador desta festa, que acontece h\u00e1 nove anos para comemorar o anivers\u00e1rio da cidade.<\/p>\n<p>O prefeito de Apucarana, Beto Preto tamb\u00e9m participou da festa comunit\u00e1ria, cantou o &ldquo;parab\u00e9ns a Apucarana&rdquo; e tamb\u00e9m ajudou a partilhar o bolo. A crian\u00e7ada p&ocirc;de se divertir na cama el\u00e1stica e com passeios no trenzinho da prefeitura. O evento teve ainda pipoca e sorteio de brindes, incluindo uma bicicleta.<\/p>\n<p><\/p>\n","protected":false},"excerpt":{"rendered":"<p>Comunidade se mobilizou mais uma vez e preparou um grande bolo para comemorar o anivers&aacute;rio da cidade<\/p>\n","protected":false},"author":4,"featured_media":0,"comment_status":"closed","ping_status":"closed","sticky":false,"template":"","format":"standard","meta":{"footnotes":""},"categories":[24],"tags":[],"class_list":["post-2525","post","type-post","status-publish","format-standard","hentry","category-noticias"],"acf":[],"_links":{"self":[{"href":"http:\/\/www.apucarana.pr.gov.br\/site\/wp-json\/wp\/v2\/posts\/2525","targetHints":{"allow":["GET"]}}],"collection":[{"href":"http:\/\/www.apucarana.pr.gov.br\/site\/wp-json\/wp\/v2\/posts"}],"about":[{"href":"http:\/\/www.apucarana.pr.gov.br\/site\/wp-json\/wp\/v2\/types\/post"}],"author":[{"embeddable":true,"href":"http:\/\/www.apucarana.pr.gov.br\/site\/wp-json\/wp\/v2\/users\/4"}],"replies":[{"embeddable":true,"href":"http:\/\/www.apucarana.pr.gov.br\/site\/wp-json\/wp\/v2\/comments?post=2525"}],"version-history":[{"count":1,"href":"http:\/\/www.apucarana.pr.gov.br\/site\/wp-json\/wp\/v2\/posts\/2525\/revisions"}],"predecessor-version":[{"id":104354,"href":"http:\/\/www.apucarana.pr.gov.br\/site\/wp-json\/wp\/v2\/posts\/2525\/revisions\/104354"}],"wp:attachment":[{"href":"http:\/\/www.apucarana.pr.gov.br\/site\/wp-json\/wp\/v2\/media?parent=2525"}],"wp:term":[{"taxonomy":"category","embeddable":true,"href":"http:\/\/www.apucarana.pr.gov.br\/site\/wp-json\/wp\/v2\/categories?post=2525"},{"taxonomy":"post_tag","embeddable":true,"href":"http:\/\/www.apucarana.pr.gov.br\/site\/wp-json\/wp\/v2\/tags?post=2525"}],"curies":[{"name":"wp","href":"https:\/\/api.w.org\/{rel}","templated":true}]}}