{"id":25247,"date":"2019-07-27T16:00:24","date_gmt":"2019-07-27T19:00:24","guid":{"rendered":"http:\/\/172.16.0.7\/site-antigo\/?p=25247"},"modified":"2024-10-08T09:19:00","modified_gmt":"2024-10-08T12:19:00","slug":"farmacia-24-horas-atendeu-4-235-pessoas-no-primeiro-mes","status":"publish","type":"post","link":"http:\/\/www.apucarana.pr.gov.br\/site\/farmacia-24-horas-atendeu-4-235-pessoas-no-primeiro-mes\/","title":{"rendered":"Farm\u00e1cia 24 HORAS atendeu 4.235 pessoas no primeiro m\u00eas"},"content":{"rendered":"<p>Ao completar um m\u00eas de funcionamento a Farm\u00e1cia 24 Horas, instalada estrategicamente pela Autarquia Municipal de Sa\u00fade de Apucarana em frente ao UPA, apresenta n\u00fameros que comprovam a sua efic\u00e1cia e boa aceita\u00e7\u00e3o entre a popula\u00e7\u00e3o. Entre os dias 27 de junho e 27 de julho foram 4.235 pessoas atendidas e entregues 73.604 medicamentos.<br \/>\nA Farm\u00e1cia 24 Horas, localizada na Rua Clot\u00e1rio Portugal, 1770, foi criada para aquelas pessoas atendidas no UPA, especialmente durante a noite e de madrugada, per\u00edodos em que a Farm\u00e1cia Central est\u00e1 fechada. \u201cAgora a medica\u00e7\u00e3o \u00e9 garantida a qualquer hora do dia ou da noite, basta atravessar a rua ao deixar o pr\u00e9dio do UPA. Apucarana d\u00e1 mais passo dentro dos esfor\u00e7os permanentes de melhorar cada vez a qualidade da sa\u00fade p\u00fablica municipal\u201d, afirma o prefeito Junior da Femac.<br \/>\nA Farm\u00e1cia 24 horas conta com o atendimento de seis farmac\u00eauticos, que se revezam em tr\u00eas turnos. \u201cAprovados em concurso, esses servidores foram convocados recentemente pelo prefeito Junior da Femac para atender a demanda de profissionais para Farm\u00e1cia 24 Horas\u201d, detalha o coordenador da Assist\u00eancia Farmac\u00eautica da AMS, farmac\u00eautico Lucas Liberatti.<br \/>\nCom uma m\u00e9dia de 150 atendimentos ao dia, o pico de movimento da Farm\u00e1cia 24 Horas, segundo Lucas Liberatti \u00e9 entre 12 e 19 horas. Ele explica que a Farm\u00e1cia 24 Horas fornece apenas medicamentos de emerg\u00eancia como antibi\u00f3ticos, analg\u00e9sicos, antit\u00e9rmicos, antiinflamat\u00f3rios e antial\u00e9rgicos, geralmente receitados ap\u00f3s os procedimentos m\u00e9dicos realizados no UPA.<br \/>\n<strong>REM\u00c9DIOS<\/strong>\u00a0&#8211; Entre os medicamentos mais procurados na Farm\u00e1cia 24 Horas est\u00e3o os antiinflamat\u00f3rios e analg\u00e9sicos dipirona e ibuprofeno em comprimido. Quanto aos antibi\u00f3ticos a maior sa\u00edda \u00e9 para a cefalexina e amoxilina em comprimidos. \u201cNeste m\u00eas repassamos aos pacientes da Unidade de Pronto Atendimento (UPA) 21.836 antibi\u00f3ticos\u201d, detalha Lucas Liberatti.<br \/>\nA Autarquia Municipal de Sa\u00fade conta ainda com a Farm\u00e1cia Central, localizada na Rua Miguel Sime\u00e3o, ao lado da Autarquia Municipal de Sa\u00fade, que funciona das 7h30 \u00e0s 17 horas. A estrutura, implantada na gest\u00e3o Beto Preto, inclui equipe de farmac\u00eauticos e funcion\u00e1rios para atendimento da clientela, com poltronas e sala de espera climatizada.<br \/>\nAo sair do atendimento no UPA, por volta das 17h30 na sexta-feira, Talison Lopes Galv\u00e3o, 21 anos, morador do Jardim Diamantina, n\u00e3o demorou 15 minutos para ser atendido na Farm\u00e1cia 24 Horas e obter os medicamentos receitados. \u201cAinda bem que agora tem essa farm\u00e1cia. Caso contr\u00e1rio teria que comprar os rem\u00e9dios porque n\u00e3o queria passar a noite sem ser medicado da minha crise de sinusite. Ficou tudo muito mais pr\u00e1tico e a gente se sente mais seguro por poder voltar para casa avaliado pelo m\u00e9dico e com os rem\u00e9dios na m\u00e3o\u201d, comentou Talison.<br \/>\nA dona de casa Alice Tomas, de 61 anos, se surpreendeu com a facilidade de poder receber o medicamento logo ap\u00f3s a consulta na UPA. \u201cQue facilidade isso representa para gente, e o que \u00e9 melhor, dependendo do hor\u00e1rio n\u00e3o tinha outro jeito a n\u00e3o ser comprar o rem\u00e9dio receitado, j\u00e1 que n\u00e3o daria para esperar at\u00e9 o dia seguinte, quando abre a Farm\u00e1cia Central\u201d, opinou Alice Tomas, j\u00e1 de posse do antial\u00e9rgico que necessitava.<br \/>\n<strong><em>Foram entregues\u00a0<\/em><em>73.604<\/em><\/strong><br \/>\n<strong><em>medicamentos em 30 dias<\/em><\/strong><br \/>\n&nbsp;<\/p>\n","protected":false},"excerpt":{"rendered":"<p>Funcionando junto \u00e0 UPA, a farm\u00e1cia fornece rem\u00e9dios da categoria emergencial todos os dias pela manh\u00e3, \u00e0 tarde, \u00e0 noite e na madrugada (Fotos &#8211; Profeta)<\/p>\n","protected":false},"author":4,"featured_media":25248,"comment_status":"closed","ping_status":"open","sticky":false,"template":"","format":"standard","meta":{"footnotes":""},"categories":[24],"tags":[],"class_list":["post-25247","post","type-post","status-publish","format-standard","has-post-thumbnail","hentry","category-noticias"],"acf":[],"_links":{"self":[{"href":"http:\/\/www.apucarana.pr.gov.br\/site\/wp-json\/wp\/v2\/posts\/25247","targetHints":{"allow":["GET"]}}],"collection":[{"href":"http:\/\/www.apucarana.pr.gov.br\/site\/wp-json\/wp\/v2\/posts"}],"about":[{"href":"http:\/\/www.apucarana.pr.gov.br\/site\/wp-json\/wp\/v2\/types\/post"}],"author":[{"embeddable":true,"href":"http:\/\/www.apucarana.pr.gov.br\/site\/wp-json\/wp\/v2\/users\/4"}],"replies":[{"embeddable":true,"href":"http:\/\/www.apucarana.pr.gov.br\/site\/wp-json\/wp\/v2\/comments?post=25247"}],"version-history":[{"count":1,"href":"http:\/\/www.apucarana.pr.gov.br\/site\/wp-json\/wp\/v2\/posts\/25247\/revisions"}],"predecessor-version":[{"id":100290,"href":"http:\/\/www.apucarana.pr.gov.br\/site\/wp-json\/wp\/v2\/posts\/25247\/revisions\/100290"}],"wp:featuredmedia":[{"embeddable":true,"href":"http:\/\/www.apucarana.pr.gov.br\/site\/wp-json\/"}],"wp:attachment":[{"href":"http:\/\/www.apucarana.pr.gov.br\/site\/wp-json\/wp\/v2\/media?parent=25247"}],"wp:term":[{"taxonomy":"category","embeddable":true,"href":"http:\/\/www.apucarana.pr.gov.br\/site\/wp-json\/wp\/v2\/categories?post=25247"},{"taxonomy":"post_tag","embeddable":true,"href":"http:\/\/www.apucarana.pr.gov.br\/site\/wp-json\/wp\/v2\/tags?post=25247"}],"curies":[{"name":"wp","href":"https:\/\/api.w.org\/{rel}","templated":true}]}}