{"id":25243,"date":"2019-07-26T15:06:40","date_gmt":"2019-07-26T18:06:40","guid":{"rendered":"http:\/\/172.16.0.7\/site-antigo\/?p=25243"},"modified":"2024-10-08T09:19:00","modified_gmt":"2024-10-08T12:19:00","slug":"apucarana-futsal-visita-junior-da-femac","status":"publish","type":"post","link":"http:\/\/www.apucarana.pr.gov.br\/site\/apucarana-futsal-visita-junior-da-femac\/","title":{"rendered":"Apucarana Futsal visita Junior da Femac"},"content":{"rendered":"<p>O prefeito Junior da Femac recebeu hoje a visita do time Apucarana Futsal. Ele recebeu de presente uma camiseta e bon\u00e9 em agradecimento ao apoio que a prefeitura fornece \u00e0 equipe, como a permiss\u00e3o para utilizar a quadra do Gin\u00e1sio Lago\u00e3o para treinos e jogos, colaborando ainda com a estrutura de transporte, seguran\u00e7a e sa\u00fade\u00a0nos dias de\u00a0partidas.<br \/>\nNa ocasi\u00e3o, tamb\u00e9m com a presen\u00e7a da secret\u00e1ria municipal do Esporte, Jossuela Pinheiro, a equipe convidou a popula\u00e7\u00e3o de Apucarana para prestigiar o jogo que ser\u00e1 realizado amanh\u00e3 (27), \u00e0s 20 horas, no Gin\u00e1sio Lago\u00e3o.<br \/>\nO time do Apucarana Futsal vai enfrentar a equipe de Medianeira em seu segundo jogo e o primeiro em casa da 2\u00aa Fase do Campeonato Paranaense Chave Bronze de Futsal. \u201cContem com o apoio da prefeitura. Essa equipe valoriza o esporte em Apucarana e divulga o nome de nossa cidade em competi\u00e7\u00f5es\u00a0no Estado\u201d, afirmou Junior da Femac.<\/p>\n","protected":false},"excerpt":{"rendered":"<p>Equipe presenteou o prefeito com camiseta e bon\u00e9, e convidou a popula\u00e7\u00e3o para prestigiar a partida que disputa amanh\u00e3 em competi\u00e7\u00e3o estadual (Foto &#8211; Profeta)<\/p>\n","protected":false},"author":4,"featured_media":25244,"comment_status":"closed","ping_status":"open","sticky":false,"template":"","format":"standard","meta":{"footnotes":""},"categories":[24],"tags":[],"class_list":["post-25243","post","type-post","status-publish","format-standard","has-post-thumbnail","hentry","category-noticias"],"acf":[],"_links":{"self":[{"href":"http:\/\/www.apucarana.pr.gov.br\/site\/wp-json\/wp\/v2\/posts\/25243","targetHints":{"allow":["GET"]}}],"collection":[{"href":"http:\/\/www.apucarana.pr.gov.br\/site\/wp-json\/wp\/v2\/posts"}],"about":[{"href":"http:\/\/www.apucarana.pr.gov.br\/site\/wp-json\/wp\/v2\/types\/post"}],"author":[{"embeddable":true,"href":"http:\/\/www.apucarana.pr.gov.br\/site\/wp-json\/wp\/v2\/users\/4"}],"replies":[{"embeddable":true,"href":"http:\/\/www.apucarana.pr.gov.br\/site\/wp-json\/wp\/v2\/comments?post=25243"}],"version-history":[{"count":1,"href":"http:\/\/www.apucarana.pr.gov.br\/site\/wp-json\/wp\/v2\/posts\/25243\/revisions"}],"predecessor-version":[{"id":100293,"href":"http:\/\/www.apucarana.pr.gov.br\/site\/wp-json\/wp\/v2\/posts\/25243\/revisions\/100293"}],"wp:featuredmedia":[{"embeddable":true,"href":"http:\/\/www.apucarana.pr.gov.br\/site\/wp-json\/"}],"wp:attachment":[{"href":"http:\/\/www.apucarana.pr.gov.br\/site\/wp-json\/wp\/v2\/media?parent=25243"}],"wp:term":[{"taxonomy":"category","embeddable":true,"href":"http:\/\/www.apucarana.pr.gov.br\/site\/wp-json\/wp\/v2\/categories?post=25243"},{"taxonomy":"post_tag","embeddable":true,"href":"http:\/\/www.apucarana.pr.gov.br\/site\/wp-json\/wp\/v2\/tags?post=25243"}],"curies":[{"name":"wp","href":"https:\/\/api.w.org\/{rel}","templated":true}]}}