{"id":2524,"date":"2015-01-29T19:05:00","date_gmt":"2015-01-29T19:05:00","guid":{"rendered":"http:\/\/172.16.0.7\/site-antigo\/?p=2524"},"modified":"2024-10-08T09:10:24","modified_gmt":"2024-10-08T12:10:24","slug":"dia-do-bone-2015-premia-funcionrios-inovadores","status":"publish","type":"post","link":"http:\/\/www.apucarana.pr.gov.br\/site\/dia-do-bone-2015-premia-funcionrios-inovadores\/","title":{"rendered":"DIA DO BON&#201; 2015 PREMIA FUNCION&#193;RIOS INOVADORES"},"content":{"rendered":"<\/p>\n<p><span style=\"letter-spacing: -0.02em; line-height: 1.45em; background-color: initial;\">Nesta quinta-feira (29), a Governan\u00e7a do Arranjo Produtivo de Bon\u00e9s (APL) e oSindicato das Ind\u00fastrias do Vestu\u00e1rio de Apucarana e Vale do Iva\u00ed (SIVALE) realizaram um especial caf\u00e9 da manh\u00e3 para comemorar a data.<\/span><\/p>\n<p><span style=\"letter-spacing: -0.02em; line-height: 1.45em; background-color: initial;\">Com as presen\u00e7as ilustres do prefeito de Apucarana Carlos Alberto Gebrim Preto, do deputado federal Enio Verri e de v\u00e1rios empres\u00e1rios do setor, o presidente do APL, Jayme Leonel parabenizou a todos pelas conquistas. &ldquo;Passamos diariamente por v\u00e1rias dificuldades, mas estamos sempre superando as barreiras econ&ocirc;micas e competitivas para fazer o nosso produto prevalecer&rdquo;, comemorou o presidente.<\/span><\/p>\n<p><span style=\"letter-spacing: -0.02em; line-height: 1.45em; background-color: initial;\"><\/p>\n<p>Beto Preto lembrou o trabalho feito por diversas entidades em prol do desenvolvimento do setor, como o APL, Sindicato dos Trabalhadores das Ind\u00fastrias do Vestu\u00e1rio de Apucarana e Regi\u00e3o (Stivar) e o Sindicato das Ind\u00fastrias do Vestu\u00e1rio de Apucarana e Vale do Iva\u00ed (Sivale). &ldquo;Apostando na inova\u00e7\u00e3o, as empresas buscam agregar mais valor aos produtos. O setor de bon\u00e9s e confec\u00e7\u00f5es emprega mais de 20 mil funcion\u00e1rios. &Eacute; uma for\u00e7a econ&ocirc;mica fant\u00e1stica, que empurra a cidade para frente&rdquo;, avalia Beto Preto. <\/p>\n<p>O deputado federal &Ecirc;nio Verri, que assumir\u00e1 uma cadeira no Congresso Nacional no domingo, se comprometeu em ajudar o setor em Bras\u00edlia, especialmente junto ao Minist\u00e9rio do Desenvolvimento, Ind\u00fastria e Com\u00e9rcio Exterior (MDIC). &ldquo;Ao mesmo tempo em que parabenizo os homenageados, coloco o meu mandato \u00e0 disposi\u00e7\u00e3o dos trabalhadores e dos empres\u00e1rios do setor&rdquo;, frisa &Ecirc;nio Verri.<\/p>\n<p><span style=\"letter-spacing: -0.02em; line-height: 1.45em; background-color: initial;\">Para homenagear os colaboradores das Ind\u00fastrias de Bon\u00e9s que contribu\u00edram com ideias que estimularam a inova\u00e7\u00e3o dentro das empresas, o APL presenteou F\u00e1bio Henrique da Silva (Bonearte), Marlene de Freitas (Bonelli Bon\u00e9s), Aparecida Rosilene Nunes (Bra\u00e7o Forte Uniformes), Ediel Alex Silv\u00e9rio (B2 brindes), Wagner Padilha (Cris Bon\u00e9s), Daniel Ramos Lopes (Crisag Confec\u00e7\u00f5es), Edson Reis (Globex Distribuidora), Claudir Schatz (It\u00e1lia Milano), Maico Louren\u00e7o dos Santos (JCN Bon\u00e9s), Hitomi Hirose (Kicker Bon\u00e9s), Valmira (Klivan Confec\u00e7\u00f5es), Junio Cesar Egidio (kyoodai bon\u00e9s) e Walison Teixeira Vieira (Mury Bon\u00e9s).<\/span><\/p>\n<p><span style=\"letter-spacing: -0.02em; line-height: 1.45em; background-color: initial;\">VITRINES -Como parte das comemora\u00e7\u00f5es, o com\u00e9rcio das avenidas centrais da cidade expuseram bon\u00e9s nos manequins em suas vitrines. Tamb\u00e9m nesta semana, os motoristas da empresa Via\u00e7\u00e3o Apucarana e da Prefeitura de Apucarana est\u00e3o trabalhando usando o bon\u00e9 comemorativo.<\/span><\/p>\n<p><span style=\"letter-spacing: -0.02em; line-height: 1.45em; background-color: initial;\">PREMIA&Ccedil;&Atilde;O &ndash;E nesta semana de comemora\u00e7\u00f5es, mais uma not\u00edcia agradou o setor. O Arranjo Produtivo de Bon\u00e9s (APL) recebeu um reconhecimento da Funda\u00e7\u00e3o Arauc\u00e1ria, por meio do PEIEX (Projeto de Extens\u00e3o Industrial Exportadora) pelas atividades desenvolvidas. &ldquo;Trata-se de mais um ind\u00edcio de que o trabalho de todos est\u00e1 surtindo efeito e que o setor est\u00e1 no caminho correto&rdquo;, afirmou o presidente Jayme Leonel.<\/span><\/p>\n<p><\/span><\/p>\n<p><\/p>\n","protected":false},"excerpt":{"rendered":"<p>Desde 2007, a &uacute;ltima semana de janeiro &eacute; marcada pelas comemora&ccedil;&otilde;es do Dia do Bon&eacute; juntamente com o anivers&aacute;rio de Apucarana <\/p>\n","protected":false},"author":4,"featured_media":0,"comment_status":"closed","ping_status":"closed","sticky":false,"template":"","format":"standard","meta":{"footnotes":""},"categories":[24],"tags":[],"class_list":["post-2524","post","type-post","status-publish","format-standard","hentry","category-noticias"],"acf":[],"_links":{"self":[{"href":"http:\/\/www.apucarana.pr.gov.br\/site\/wp-json\/wp\/v2\/posts\/2524","targetHints":{"allow":["GET"]}}],"collection":[{"href":"http:\/\/www.apucarana.pr.gov.br\/site\/wp-json\/wp\/v2\/posts"}],"about":[{"href":"http:\/\/www.apucarana.pr.gov.br\/site\/wp-json\/wp\/v2\/types\/post"}],"author":[{"embeddable":true,"href":"http:\/\/www.apucarana.pr.gov.br\/site\/wp-json\/wp\/v2\/users\/4"}],"replies":[{"embeddable":true,"href":"http:\/\/www.apucarana.pr.gov.br\/site\/wp-json\/wp\/v2\/comments?post=2524"}],"version-history":[{"count":1,"href":"http:\/\/www.apucarana.pr.gov.br\/site\/wp-json\/wp\/v2\/posts\/2524\/revisions"}],"predecessor-version":[{"id":104355,"href":"http:\/\/www.apucarana.pr.gov.br\/site\/wp-json\/wp\/v2\/posts\/2524\/revisions\/104355"}],"wp:attachment":[{"href":"http:\/\/www.apucarana.pr.gov.br\/site\/wp-json\/wp\/v2\/media?parent=2524"}],"wp:term":[{"taxonomy":"category","embeddable":true,"href":"http:\/\/www.apucarana.pr.gov.br\/site\/wp-json\/wp\/v2\/categories?post=2524"},{"taxonomy":"post_tag","embeddable":true,"href":"http:\/\/www.apucarana.pr.gov.br\/site\/wp-json\/wp\/v2\/tags?post=2524"}],"curies":[{"name":"wp","href":"https:\/\/api.w.org\/{rel}","templated":true}]}}