{"id":25233,"date":"2019-07-26T09:13:07","date_gmt":"2019-07-26T12:13:07","guid":{"rendered":"http:\/\/172.16.0.7\/site-antigo\/?p=25233"},"modified":"2024-10-08T09:19:00","modified_gmt":"2024-10-08T12:19:00","slug":"apucarana-lanca-o-programa-viver-80","status":"publish","type":"post","link":"http:\/\/www.apucarana.pr.gov.br\/site\/apucarana-lanca-o-programa-viver-80\/","title":{"rendered":"Apucarana lan\u00e7a o programa \u201cViver 80\u201d"},"content":{"rendered":"<p style=\"font-weight: 400\">A partir de uma conversa mantida com o c\u00f4nsul do Jap\u00e3o para o Paran\u00e1 e Santa Catarina, Hajime Kimura, o prefeito de Apucarana, Junior da Femac, decidiu criar em Apucarana um programa para contemplar e valorizar os idosos em todos os aspectos. \u00c9 o \u201cViver 80\u201d, que come\u00e7a a ser estruturado pela Secretaria Municipal da Mulher e Assuntos da Fam\u00edlia.<\/p>\n<p style=\"font-weight: 400\">O prefeito lembra que, no m\u00eas de junho, ao visitar Apucarana na entrega de uma van adaptada para transporte de idosos de baixa mobilidade \u2013 beneficiando o Lar S\u00e3o Vicente de Paulo -, o c\u00f4nsul falou sobre programas que est\u00e3o sendo desenvolvidos no Jap\u00e3o, para garantir melhor qualidade de vida aos idosos.<\/p>\n<p style=\"font-weight: 400\">Conforme relatou Hajime Kimura na ocasi\u00e3o, o Jap\u00e3o \u00e9 o pa\u00eds com a maior propor\u00e7\u00e3o de idosos do mundo, onde 26% da popula\u00e7\u00e3o tem 65 anos ou mais. Segundo ele, as autoridades japonesas estimam que praticamente um ter\u00e7o da popula\u00e7\u00e3o japonesa ser\u00e1 idosa em 2030. Atualmente, o pa\u00eds oriental j\u00e1 concentra quase 70 mil cidad\u00e3os na casa dos 100 anos de idade.<\/p>\n<p style=\"font-weight: 400\">Mas o Jap\u00e3o tamb\u00e9m \u00e9 um dos pa\u00edses em que a terceira idade desfruta de melhor qualidade de vida, com muitos programas e a\u00e7\u00f5es que asseguram diversas atividades esportivas, culturais e ocupacionais, al\u00e9m de medidas pontuais para garantir mais seguran\u00e7a aos idosos. \u201cEstamos nos espelhando nesse exemplo do Jap\u00e3o, para come\u00e7ar a adotar em Apucarana uma s\u00e9rie de a\u00e7\u00f5es voltadas para um melhor acolhimento dos idosos. N\u00f3s queremos adequar a cidade em todos os aspectos, para favorecer os cidad\u00e3os da terceira idade\u201d, comenta Junior da Femac.<\/p>\n<p style=\"font-weight: 400\">O programa foi anunciado ontem, na v\u00e9spera do dia 26 de julho, em que \u00e9 comemorado o \u201cDia dos Av\u00f3s\u201d. O prefeito Junior da Femac reuniu seu secretariado para que sejam implementadas pol\u00edticas p\u00fablicas transversais, em favor dos idosos. \u201cNa nossa regi\u00e3o a m\u00e9dia de vida \u00e9 de 77 anos e com o Viver 80 queremos criar uma cidade mais agrad\u00e1vel para quem est\u00e1 chegando na faixa dos 70 anos\u201d, argumenta o prefeito.<\/p>\n<p style=\"font-weight: 400\"><strong>ATIVIDADES<\/strong>\u00a0&#8211; Segundo ele, a prefeitura j\u00e1 mant\u00e9m uma s\u00e9rie de programas e a\u00e7\u00f5es que contemplam os idosos, mas, a partir de agora, ser\u00e3o refor\u00e7adas e ampliadas. \u201cHoje j\u00e1 oferecemos hidrogin\u00e1stica, nata\u00e7\u00e3o, academias ao ar livre, passeios (tour city), bailes da terceira idade, grupos do Programa Conviver, o Centro Dia (creche dos idosos), o Centro de Conviv\u00eancia do Idoso e o Miss Terceira Idade\u201d, lembra Junior, assinalando que \u201co foco \u00e9 garantir mais qualidade de vida aos idosos, para que possam viver com independ\u00eancia e n\u00e3o se sintam exclu\u00eddos\u201d.<\/p>\n<p style=\"font-weight: 400\">Apucarana, na gest\u00e3o Beto Preto j\u00e1 construiu mais de 200 km de cal\u00e7adas e implantou 1.300 rampas de acessibilidade. Mas com o Viver 80, o objetivo \u00e9 ir mais al\u00e9m. \u201cPodemos criar mecanismos para que os loteamentos sejam autorizados j\u00e1 com cal\u00e7adas e rampas de acessibilidade, e exigir que os propriet\u00e1rios de im\u00f3veis executem cal\u00e7adas aonde elas ainda n\u00e3o existem\u201d, comentou Junior.<\/p>\n<p style=\"font-weight: 400\">Na \u00e1rea de sa\u00fade, o programa deve disponibilizar mais profissionais de geriatria, de fisioterapia e educadores f\u00edsicos. Na educa\u00e7\u00e3o existe sugest\u00e3o para integrar os av\u00f3s em atividades com seus netos nas escolas municipais. A oferta de cursos de cuidadores de idosos tamb\u00e9m ser\u00e1 estimulada.<\/p>\n<p style=\"font-weight: 400\">A Secretaria da Mulher e dos Assuntos da Fam\u00edlia est\u00e1 encarregada de formatar o programa at\u00e9 o m\u00eas de outubro, acolhendo sugest\u00f5es de atividades ou estruturas para valorizar os idosos. \u201cVamos ouvir o Conselho Municipal do Idoso, Sesc, Sesi, Senas, entidades sociais, clubes de servi\u00e7o e, enfim, todos que possam contribuir na constru\u00e7\u00e3o deste programa\u201d, anuncia a secret\u00e1ria da mulher, Denise Canesin.<\/p>\n<p style=\"font-weight: 400\">A discuss\u00e3o que marcou ontem o lan\u00e7amento do programa \u201cViver 80\u201d teve a participa\u00e7\u00e3o de todo o secretariado, no gabinete municipal. \u201cVamos dar mais aten\u00e7\u00e3o e carinho aos nossos idosos, seguindo o exemplo de pa\u00edses mais desenvolvidos, como forma de que estas pessoas vivam mais e se sintam valorizadas na sociedade\u201d, frisa o prefeito Junior da Femac.<\/p>\n","protected":false},"excerpt":{"rendered":"<p>Prefeitura come\u00e7a formatar a\u00e7\u00f5es para valorizar a terceira idade de forma mais abrangente na cidade (Fotos &#8211; Edson Denobi)<\/p>\n","protected":false},"author":4,"featured_media":25234,"comment_status":"closed","ping_status":"open","sticky":false,"template":"","format":"standard","meta":{"footnotes":""},"categories":[24],"tags":[],"class_list":["post-25233","post","type-post","status-publish","format-standard","has-post-thumbnail","hentry","category-noticias"],"acf":[],"_links":{"self":[{"href":"http:\/\/www.apucarana.pr.gov.br\/site\/wp-json\/wp\/v2\/posts\/25233","targetHints":{"allow":["GET"]}}],"collection":[{"href":"http:\/\/www.apucarana.pr.gov.br\/site\/wp-json\/wp\/v2\/posts"}],"about":[{"href":"http:\/\/www.apucarana.pr.gov.br\/site\/wp-json\/wp\/v2\/types\/post"}],"author":[{"embeddable":true,"href":"http:\/\/www.apucarana.pr.gov.br\/site\/wp-json\/wp\/v2\/users\/4"}],"replies":[{"embeddable":true,"href":"http:\/\/www.apucarana.pr.gov.br\/site\/wp-json\/wp\/v2\/comments?post=25233"}],"version-history":[{"count":1,"href":"http:\/\/www.apucarana.pr.gov.br\/site\/wp-json\/wp\/v2\/posts\/25233\/revisions"}],"predecessor-version":[{"id":100295,"href":"http:\/\/www.apucarana.pr.gov.br\/site\/wp-json\/wp\/v2\/posts\/25233\/revisions\/100295"}],"wp:featuredmedia":[{"embeddable":true,"href":"http:\/\/www.apucarana.pr.gov.br\/site\/wp-json\/"}],"wp:attachment":[{"href":"http:\/\/www.apucarana.pr.gov.br\/site\/wp-json\/wp\/v2\/media?parent=25233"}],"wp:term":[{"taxonomy":"category","embeddable":true,"href":"http:\/\/www.apucarana.pr.gov.br\/site\/wp-json\/wp\/v2\/categories?post=25233"},{"taxonomy":"post_tag","embeddable":true,"href":"http:\/\/www.apucarana.pr.gov.br\/site\/wp-json\/wp\/v2\/tags?post=25233"}],"curies":[{"name":"wp","href":"https:\/\/api.w.org\/{rel}","templated":true}]}}