{"id":2523,"date":"2015-01-27T19:38:00","date_gmt":"2015-01-27T19:38:00","guid":{"rendered":"http:\/\/172.16.0.7\/site-antigo\/?p=2523"},"modified":"2024-10-08T09:10:24","modified_gmt":"2024-10-08T12:10:24","slug":"ame-premia-alunos-pelas-melhores-redacoes-do-proerd","status":"publish","type":"post","link":"http:\/\/www.apucarana.pr.gov.br\/site\/ame-premia-alunos-pelas-melhores-redacoes-do-proerd\/","title":{"rendered":"AME premia alunos pelas melhores reda\u00e7\u00f5es do Proerd"},"content":{"rendered":"<p><p>A Autarquia Municipal de Educa\u00e7\u00e3o realizou, nesta ter\u00e7a-feira (27\/01\/), a entrega de tablets para 33 alunos de sua rede, que se destacaram em concurso de reda\u00e7\u00e3o promovido pelo Programa Educacional de Resist\u00eancia \u00e0s Drogas e \u00e0 Viol\u00eancia (Proerd) da Pol\u00edcia Militar. <\/p>\n<p>O evento aconteceu no final da tarde, no sal\u00e3o nobre da prefeitura, e contou com a presen\u00e7a do prefeito Beto Preto, do vereador Jos\u00e9 Eduardo Antoniassi e do Cabo Elias do Nascimento, entre outras autoridades.<\/p>\n<p>Em 2014, mais de 1.200 alunos, matriculados no 5\u00ba ano do ensino fundamental, participaram do Proerd e assistiram a aulas de conscientiza\u00e7\u00e3o sobre os malef\u00edcios que as drogas l\u00edcitas e il\u00edcitas podem causar \u00e0s suas vidas. As aulas foram ministradas pelos policiais militares Cabo Elias do Nascimento e Soldado Ana Regina Sebrian.<\/p>\n<p>Ao final do programa, todos os estudantes das 33 escolas municipais participantes foram convidados a escrever uma reda\u00e7\u00e3o com o tema &ldquo;Proerd &ndash; Vida e Paz&rdquo; e o melhor texto de cada institui\u00e7\u00e3o terminou premiado com um trof\u00e9u e um tablet, ambos oferecidos pela Autarquia Municipal de Educa\u00e7\u00e3o.<\/p>\n<p>Em seu pronunciamento na tarde de hoje, o prefeito Beto Preto felicitou as crian\u00e7as contempladas e agradeceu \u00e0 Pol\u00edcia Militar pela importante parceria firmada com o Munic\u00edpio de Apucarana. &#8220;Parab\u00e9ns aos alunos e tamb\u00e9m ao Batalh\u00e3o de Pol\u00edcia Militar Escolar, pois o Proerd \u00e9 um programa que contribui significativamente para a melhoria da qualidade de vida de toda a sociedade&#8221;, disse.<\/p>\n<p> J\u00e1 a diretora-presidente da AME, professora Marli Fernandes, frisou que o tablet \u00e9 apenas mais um incentivo para que os alunos continuem se dedicando aos estudos. &#8220;O maior pr\u00eamio, no entanto, \u00e9 uma vida longe da drogadi\u00e7\u00e3o e da viol\u00eancia&rdquo;, assegurou. <\/p>\n","protected":false},"excerpt":{"rendered":"<p>Mais de 1.200 alunos de 33 escolas municipais escreveram reda&ccedil;&otilde;es sobre o tema &quot;Proerd &#8211; Vida e Paz&quot;. O melhor texto de cada institui&ccedil;&atilde;o foi premiado com um tablet.<\/p>\n","protected":false},"author":4,"featured_media":0,"comment_status":"closed","ping_status":"closed","sticky":false,"template":"","format":"standard","meta":{"footnotes":""},"categories":[24],"tags":[],"class_list":["post-2523","post","type-post","status-publish","format-standard","hentry","category-noticias"],"acf":[],"_links":{"self":[{"href":"http:\/\/www.apucarana.pr.gov.br\/site\/wp-json\/wp\/v2\/posts\/2523","targetHints":{"allow":["GET"]}}],"collection":[{"href":"http:\/\/www.apucarana.pr.gov.br\/site\/wp-json\/wp\/v2\/posts"}],"about":[{"href":"http:\/\/www.apucarana.pr.gov.br\/site\/wp-json\/wp\/v2\/types\/post"}],"author":[{"embeddable":true,"href":"http:\/\/www.apucarana.pr.gov.br\/site\/wp-json\/wp\/v2\/users\/4"}],"replies":[{"embeddable":true,"href":"http:\/\/www.apucarana.pr.gov.br\/site\/wp-json\/wp\/v2\/comments?post=2523"}],"version-history":[{"count":1,"href":"http:\/\/www.apucarana.pr.gov.br\/site\/wp-json\/wp\/v2\/posts\/2523\/revisions"}],"predecessor-version":[{"id":104356,"href":"http:\/\/www.apucarana.pr.gov.br\/site\/wp-json\/wp\/v2\/posts\/2523\/revisions\/104356"}],"wp:attachment":[{"href":"http:\/\/www.apucarana.pr.gov.br\/site\/wp-json\/wp\/v2\/media?parent=2523"}],"wp:term":[{"taxonomy":"category","embeddable":true,"href":"http:\/\/www.apucarana.pr.gov.br\/site\/wp-json\/wp\/v2\/categories?post=2523"},{"taxonomy":"post_tag","embeddable":true,"href":"http:\/\/www.apucarana.pr.gov.br\/site\/wp-json\/wp\/v2\/tags?post=2523"}],"curies":[{"name":"wp","href":"https:\/\/api.w.org\/{rel}","templated":true}]}}