{"id":2522,"date":"2015-01-27T18:09:00","date_gmt":"2015-01-27T18:09:00","guid":{"rendered":"http:\/\/172.16.0.7\/site-antigo\/?p=2522"},"modified":"2024-10-08T09:10:24","modified_gmt":"2024-10-08T12:10:24","slug":"prova-28-de-janeiro-tem-recorde-de-2544-inscritos","status":"publish","type":"post","link":"http:\/\/www.apucarana.pr.gov.br\/site\/prova-28-de-janeiro-tem-recorde-de-2544-inscritos\/","title":{"rendered":"Prova 28 de Janeiro tem recorde de 2.544 inscritos"},"content":{"rendered":"<p><p><span style=\"letter-spacing: -0.02em; line-height: 1.45em; background-color: initial;\">A 53\u00aa edi\u00e7\u00e3o da Prova Pedestre 28 de Janeiro ser\u00e1 realizada na pr\u00f3xima s\u00e1bado (31) com o recorde de 2.544 participantes. O n\u00famero de corredores da Vinteoitinha tamb\u00e9m superou as expectativas, totalizando 350 inscritos.<\/span><\/p>\n<p>Existem ainda 30 inscritos na Categoria Especial Paraol\u00edmpico, com participantes de v\u00e1rias cidades do Estado. A inclus\u00e3o desta categoria \u00e9 uma inova\u00e7\u00e3o nesta 53\u00aa prova da 28 de Janeiro. &ldquo;A 28 de Janeiro \u00e9 a cara da nossa cidade que \u00e9 divulgada nacionalmente a cada edi\u00e7\u00e3o da prova. Apucarana est\u00e1 de bra\u00e7os abertos para receber os participantes de fora, mas os apucaranenses est\u00e3o cada vez mais envolvidos na competi\u00e7\u00e3o. Temos mais de mil atletas de Apucarana inscritos&rdquo;, observa Beto Preto. <\/p>\n<p>O representante do patrocinador oficial da prova, o gerente da Caixa Econ&ocirc;mica Federal em Apucarana, Wilson de Souza, destaca o n\u00edvel de organiza\u00e7\u00e3o da prova, bem como o crescimento no n\u00famero de participantes. &Eacute; um grande evento que temos prazer de manter o patroc\u00ednio ao longo dos anos&rdquo;, declara. <\/p>\n<p>A prova vai acontecer no dia 31 de janeiro, com largada \u00e0s 19 horas, na Pra\u00e7a Rui Barbosa. J\u00e1 a &ldquo;Vinteoitinha&rdquo; &ndash; disputada nas categorias mirim, infantil e juvenil come\u00e7a um pouco antes, \u00e0s 17 horas. Ponto alto dos festejos alusivos aos 71 anos de Apucarana, a prova mais uma vez tem a participa\u00e7\u00e3o confirmada de atletas internacionais. <\/p>\n<p><b>MELHORES ATLETAS DO MUNDO<\/b><\/p>\n<p>A 53\u00aa edi\u00e7\u00e3o da 28 de Janeiro ter\u00e1 a participa\u00e7\u00e3o dos corredores queniano,&ldquo;Edwin Kipsang Rotich&rdquo;, de 27 anos, e o tanzaniano&ldquo;Fabiano Joseph Naasi&rdquo;de 30 anos.<\/p>\n<p>Edwin Kipsang Rotich foi campe\u00e3o em duas edi\u00e7\u00f5es da S\u00e3o Silvestre, em 2012 e 2013. Tamb\u00e9m venceu a meia maratona de Medell\u00edn na Col&ocirc;mbia em 2013. J\u00e1 o tanzanianoFabiano Joseph Naasi venceu no ano passado as provas meia maratona internacional de Dar Essalaan, na Tanz&acirc;nia. Na S\u00e3o Silvestre de 2014 foi o terceiro colocado com o tempo de 45,10. Entre os brasileiros confirmados o destaque Vin\u00edcio Ferreira da Cruz, segundo colocado circuito Caixa em Curitiba. <\/p>\n<p><\/p>\n","protected":false},"excerpt":{"rendered":"<p>N&uacute;mero de corredores da Vinteoitinha tamb&eacute;m superou as expectativas, totalizando 350 participantes<\/p>\n","protected":false},"author":4,"featured_media":0,"comment_status":"closed","ping_status":"closed","sticky":false,"template":"","format":"standard","meta":{"footnotes":""},"categories":[24],"tags":[],"class_list":["post-2522","post","type-post","status-publish","format-standard","hentry","category-noticias"],"acf":[],"_links":{"self":[{"href":"http:\/\/www.apucarana.pr.gov.br\/site\/wp-json\/wp\/v2\/posts\/2522","targetHints":{"allow":["GET"]}}],"collection":[{"href":"http:\/\/www.apucarana.pr.gov.br\/site\/wp-json\/wp\/v2\/posts"}],"about":[{"href":"http:\/\/www.apucarana.pr.gov.br\/site\/wp-json\/wp\/v2\/types\/post"}],"author":[{"embeddable":true,"href":"http:\/\/www.apucarana.pr.gov.br\/site\/wp-json\/wp\/v2\/users\/4"}],"replies":[{"embeddable":true,"href":"http:\/\/www.apucarana.pr.gov.br\/site\/wp-json\/wp\/v2\/comments?post=2522"}],"version-history":[{"count":1,"href":"http:\/\/www.apucarana.pr.gov.br\/site\/wp-json\/wp\/v2\/posts\/2522\/revisions"}],"predecessor-version":[{"id":104357,"href":"http:\/\/www.apucarana.pr.gov.br\/site\/wp-json\/wp\/v2\/posts\/2522\/revisions\/104357"}],"wp:attachment":[{"href":"http:\/\/www.apucarana.pr.gov.br\/site\/wp-json\/wp\/v2\/media?parent=2522"}],"wp:term":[{"taxonomy":"category","embeddable":true,"href":"http:\/\/www.apucarana.pr.gov.br\/site\/wp-json\/wp\/v2\/categories?post=2522"},{"taxonomy":"post_tag","embeddable":true,"href":"http:\/\/www.apucarana.pr.gov.br\/site\/wp-json\/wp\/v2\/tags?post=2522"}],"curies":[{"name":"wp","href":"https:\/\/api.w.org\/{rel}","templated":true}]}}