{"id":25217,"date":"2019-07-25T12:39:14","date_gmt":"2019-07-25T15:39:14","guid":{"rendered":"http:\/\/172.16.0.7\/site-antigo\/?p=25217"},"modified":"2024-10-08T09:19:00","modified_gmt":"2024-10-08T12:19:00","slug":"prefeito-participa-de-inauguracao-de-empresa-de-polpa-de-fruta","status":"publish","type":"post","link":"http:\/\/www.apucarana.pr.gov.br\/site\/prefeito-participa-de-inauguracao-de-empresa-de-polpa-de-fruta\/","title":{"rendered":"Prefeito participa de inaugura\u00e7\u00e3o  de empresa de polpa de fruta"},"content":{"rendered":"<p>Uma empresa familiar, que iniciou as atividades na pr\u00f3pria casa, passou a operar no Parque Industrial Bert\u00e9. A trajet\u00f3ria come\u00e7ou h\u00e1 cerca de 10 anos no N\u00facleo Habitacional Adriano Correia. O acanhado espa\u00e7o de 60 metros quadrados deu lugar agora a uma planta industrial com \u00e1rea constru\u00edda de 250 metros quadrados. Trata-se da Alimentos Regina (AR), empresa de polpa de frutas que foi inaugurada nesta quinta-feira (25\/07).<br \/>\nO ato contou com a presen\u00e7a do prefeito de Apucarana, Junior da Femac, que esteve acompanhado dos secret\u00e1rios municipais de Ind\u00fastria e Com\u00e9rcio, Edison Estrope, da Agricultura, Jos\u00e9 Luiz Porto, e da Mulher e Assuntos da Fam\u00edlia, Denise Canesin Machado. \u00a0\u00a0Representando o Legislativo, esteve presente o vereador Jos\u00e9 Airton Deco de Ara\u00fajo.<br \/>\nA empresa, de propriedade do casal Regina Pedr\u00e3o e Moacir Pedr\u00e3o, vai gerar quatro empregos diretos. O investimento na constru\u00e7\u00e3o do barrac\u00e3o e nos equipamentos \u00e9 de cerca de R$ 500 mil. J\u00e1 o terreno, com \u00e1rea de mil metros quadrados, foi doado pelo Munic\u00edpio atrav\u00e9s do Programa de Desenvolvimento Econ\u00f4mico de Apucarana (Prodea).<br \/>\nJunior da Femac afirma que o empreendimento, al\u00e9m do apoio da Secretaria de Ind\u00fastria e Com\u00e9rcio, conta com a contribui\u00e7\u00e3o de dois programas municipais. \u201cA Regina Pedr\u00e3o fez o curso de capacita\u00e7\u00e3o da Rede de Economia Solid\u00e1ria, da Secretaria da Mulher, e parte das frutas que resultam nas polpas e sucos \u00e9 fornecida por produtores do Programa Terra Forte, da Secretaria da Agricultura\u201d, salienta.<br \/>\nO prefeito tamb\u00e9m anunciou que a Rua Prata, onde est\u00e1 localizada a empresa, ser\u00e1 asfaltada. \u201cO processo de licita\u00e7\u00e3o j\u00e1 est\u00e1 transcorrendo e a empresa que far\u00e1 a obra ser\u00e1 definida no dia 13 de agosto. No m\u00e1ximo em 60 dias, se tudo correr como esperado, a rua estar\u00e1 asfaltada\u201d, garantiu Junior da Femac.<br \/>\nO prefeito de Apucarana destaca que a Alimentos Regina \u00e9 uma empresa familiar que apostou na voca\u00e7\u00e3o empreendedora. \u201cA gest\u00e3o Beto Preto acredita no potencial das pessoas. Deus colocou a voca\u00e7\u00e3o empreendedora nesse casal, que teve a iniciativa e levou adiante. \u00c9 uma empresa familiar, que agora j\u00e1 vai gerar mais quatro empregos diretos, al\u00e9m de dezenas de empregos indiretos\u201d, frisa.<br \/>\nRegina Pedr\u00e3o afirma que o produto ser\u00e1 fornecido em v\u00e1rios pontos, como col\u00e9gios e supermercados de Apucarana, e tamb\u00e9m em munic\u00edpios vizinhos, como Calif\u00f3rnia, Arapongas, Cambira e Jandaia do Sul.<br \/>\nA empreendedora destaca o curso de capacita\u00e7\u00e3o e a participa\u00e7\u00e3o na Rede de Economia Solid\u00e1ria. \u201cEsse curso abriu muitas portas. Eu pude colocar o meu produto no Quiosque de Gastronomia e tamb\u00e9m no Espa\u00e7o Mulher. Al\u00e9m disso, adquiri bastante conhecimento em gest\u00e3o, na condu\u00e7\u00e3o de uma empresa\u201d, reitera.<br \/>\nA secret\u00e1ria da Mulher e Assuntos da Fam\u00edlia, Denise Canesin Machado, afirma que a inaugura\u00e7\u00e3o da empresa realiza o objetivo principal do programa de economia solid\u00e1ria. \u201c\u00c9 um momento de vit\u00f3ria, cumprindo os objetivos do programa. Ficamos muito felizes quando um empreendimento progride, supera as etapas e conquista a autonomia na gera\u00e7\u00e3o de emprego e renda\u201d, comemora Denise.<\/p>\n","protected":false},"excerpt":{"rendered":"<p>A empresa familiar, que iniciou as atividades na pr\u00f3pria casa, passou a operar no Parque Industrial Bert\u00e9. (Fotos: Josias Profeta)<\/p>\n","protected":false},"author":4,"featured_media":25223,"comment_status":"closed","ping_status":"open","sticky":false,"template":"","format":"standard","meta":{"footnotes":""},"categories":[24],"tags":[],"class_list":["post-25217","post","type-post","status-publish","format-standard","has-post-thumbnail","hentry","category-noticias"],"acf":[],"_links":{"self":[{"href":"http:\/\/www.apucarana.pr.gov.br\/site\/wp-json\/wp\/v2\/posts\/25217","targetHints":{"allow":["GET"]}}],"collection":[{"href":"http:\/\/www.apucarana.pr.gov.br\/site\/wp-json\/wp\/v2\/posts"}],"about":[{"href":"http:\/\/www.apucarana.pr.gov.br\/site\/wp-json\/wp\/v2\/types\/post"}],"author":[{"embeddable":true,"href":"http:\/\/www.apucarana.pr.gov.br\/site\/wp-json\/wp\/v2\/users\/4"}],"replies":[{"embeddable":true,"href":"http:\/\/www.apucarana.pr.gov.br\/site\/wp-json\/wp\/v2\/comments?post=25217"}],"version-history":[{"count":1,"href":"http:\/\/www.apucarana.pr.gov.br\/site\/wp-json\/wp\/v2\/posts\/25217\/revisions"}],"predecessor-version":[{"id":100297,"href":"http:\/\/www.apucarana.pr.gov.br\/site\/wp-json\/wp\/v2\/posts\/25217\/revisions\/100297"}],"wp:featuredmedia":[{"embeddable":true,"href":"http:\/\/www.apucarana.pr.gov.br\/site\/wp-json\/"}],"wp:attachment":[{"href":"http:\/\/www.apucarana.pr.gov.br\/site\/wp-json\/wp\/v2\/media?parent=25217"}],"wp:term":[{"taxonomy":"category","embeddable":true,"href":"http:\/\/www.apucarana.pr.gov.br\/site\/wp-json\/wp\/v2\/categories?post=25217"},{"taxonomy":"post_tag","embeddable":true,"href":"http:\/\/www.apucarana.pr.gov.br\/site\/wp-json\/wp\/v2\/tags?post=25217"}],"curies":[{"name":"wp","href":"https:\/\/api.w.org\/{rel}","templated":true}]}}