{"id":25210,"date":"2019-07-24T18:43:24","date_gmt":"2019-07-24T21:43:24","guid":{"rendered":"http:\/\/172.16.0.7\/site-antigo\/?p=25210"},"modified":"2024-10-08T09:19:00","modified_gmt":"2024-10-08T12:19:00","slug":"secretaria-do-meio-ambiente-ganha-sede-propria","status":"publish","type":"post","link":"http:\/\/www.apucarana.pr.gov.br\/site\/secretaria-do-meio-ambiente-ganha-sede-propria\/","title":{"rendered":"Secretaria do Meio Ambiente ganha sede pr\u00f3pria"},"content":{"rendered":"<p>O prefeito Junior da Femac inaugurou hoje a sede pr\u00f3pria da Secretaria Municipal do Meio Ambiente (SEMA), localizada na \u00e1rea do Lago Jaboti. As novas instala\u00e7\u00f5es do \u00f3rg\u00e3o ambiental ocupam o espa\u00e7o, em meio a uma sugestiva \u00e1rea verde e \u00e0 margem do Lago Jaboti.<br \/>\nInvestimento municipal na reforma e adequa\u00e7\u00e3o do pr\u00e9dio, melhoria no banheiro p\u00fablico e na pavimenta\u00e7\u00e3o da rampa de acesso e do estacionamento foi feitas com recursos pr\u00f3prio do munic\u00edpio, com m\u00e3o de obra da equipe da prefeitura. \u00c1rea total \u00e9 de 300 metros quadrados, o dobro do im\u00f3vel locado da antiga sede, pr\u00f3ximo a prefeitura. Este local agora \u00e9 ocupado Secretaria Municipal da Agricultura.<br \/>\nO presidente do Conselho Municipal de Meio Ambiente, Lauro Kuschipil, definiu como acertada a decis\u00e3o do prefeito Junior da Femac transferir a sede da SEMA para o Jabobi. \u201c\u00c9 um importante investimento na estrutura f\u00edsica da secretaria. Destaco tamb\u00e9m que vivemos um momento positivo, em que o conselho e administra\u00e7\u00e3o municipal trabalham juntos e somam esfor\u00e7os nas causas ambientes de nossa cidade\u201d, afirmou Kuschipil.<br \/>\nOs investimentos na \u00e1rea do meio ambiente na gest\u00e3o Beto Preto foram destacados pelo secret\u00e1rio municipal do Meio Ambiente, S\u00e9rgio Bobig. \u201cNas administra\u00e7\u00f5es passadas a Secretaria de Meio Ambiente n\u00e3o existia na pr\u00e1tica, ao contr\u00e1rio do momento atual em que temos uma equipe com 10 profissionais com forma\u00e7\u00e3o t\u00e9cnica e compromisso com a \u00e1rea ambiental. Temos tr\u00eas carros novos e agora essa estrutura f\u00edsica totalmente reformada e adequada para o trabalho que desenvolvemos\u201d, detalhou Bobig.<br \/>\nLembrando que Apucarana tem tr\u00eas bacias hidrogr\u00e1ficas e mais de 100 nascentes, o prefeito Junior da Femac disse que o meio ambiente tamb\u00e9m \u00e9 prioridade para administra\u00e7\u00e3o municipal. \u201cOs investimentos nesta \u00e1rea est\u00e3o acontecendo a todo o momento, seja refor\u00e7ando a equipe profissional, na frota e na estrutura f\u00edsica. A mais recente novidade \u00e9 a implanta\u00e7\u00e3o da Patrulha Ambiental, formada por guardas municipais que vai atuar diretamente com as atividades e a\u00e7\u00f5es desenvolvidas pela equipe da secretaria do meio ambiente\u201d, anunciou Junior da Femac.<br \/>\nA Secretaria de Meio Ambiente \u00e9 um \u00f3rg\u00e3o de regula\u00e7\u00e3o e prote\u00e7\u00e3o ambiental em n\u00edvel de munic\u00edpio e desenvolve v\u00e1rias frentes. \u00c9 respons\u00e1vel pela preserva\u00e7\u00e3o, manuten\u00e7\u00e3o e recupera\u00e7\u00e3o da qualidade ambiental prop\u00edcia \u00e0 vida, visando assegurar, no munic\u00edpio, condi\u00e7\u00f5es ao desenvolvimento socioecon\u00f4mico, conciliando-o aos interesses da seguran\u00e7a de sua comunidade e \u00e0 prote\u00e7\u00e3o dos ecossistemas, em benef\u00edcio das gera\u00e7\u00f5es atuais e futuras.<br \/>\nA inaugura\u00e7\u00e3o da sede pr\u00f3pria da SEMA foi prestigiada pelos deputados estaduais Arilson Chiorato e Aparecido Jacov\u00f3s, representantes de v\u00e1rios \u00f3rg\u00e3os estaduais, secret\u00e1rios municipais e vereadores.<br \/>\nNovo endere\u00e7o da SEMA: Avenida Jaboti, 1715<\/p>\n","protected":false},"excerpt":{"rendered":"<p>Novas instala\u00e7\u00f5es ficam \u00e0 margem do Lago Jaboti, junto \u00e0s quadras de areia (Fotos &#8211; Profeta)<\/p>\n","protected":false},"author":4,"featured_media":25211,"comment_status":"closed","ping_status":"open","sticky":false,"template":"","format":"standard","meta":{"footnotes":""},"categories":[24],"tags":[],"class_list":["post-25210","post","type-post","status-publish","format-standard","has-post-thumbnail","hentry","category-noticias"],"acf":[],"_links":{"self":[{"href":"http:\/\/www.apucarana.pr.gov.br\/site\/wp-json\/wp\/v2\/posts\/25210","targetHints":{"allow":["GET"]}}],"collection":[{"href":"http:\/\/www.apucarana.pr.gov.br\/site\/wp-json\/wp\/v2\/posts"}],"about":[{"href":"http:\/\/www.apucarana.pr.gov.br\/site\/wp-json\/wp\/v2\/types\/post"}],"author":[{"embeddable":true,"href":"http:\/\/www.apucarana.pr.gov.br\/site\/wp-json\/wp\/v2\/users\/4"}],"replies":[{"embeddable":true,"href":"http:\/\/www.apucarana.pr.gov.br\/site\/wp-json\/wp\/v2\/comments?post=25210"}],"version-history":[{"count":1,"href":"http:\/\/www.apucarana.pr.gov.br\/site\/wp-json\/wp\/v2\/posts\/25210\/revisions"}],"predecessor-version":[{"id":100298,"href":"http:\/\/www.apucarana.pr.gov.br\/site\/wp-json\/wp\/v2\/posts\/25210\/revisions\/100298"}],"wp:featuredmedia":[{"embeddable":true,"href":"http:\/\/www.apucarana.pr.gov.br\/site\/wp-json\/"}],"wp:attachment":[{"href":"http:\/\/www.apucarana.pr.gov.br\/site\/wp-json\/wp\/v2\/media?parent=25210"}],"wp:term":[{"taxonomy":"category","embeddable":true,"href":"http:\/\/www.apucarana.pr.gov.br\/site\/wp-json\/wp\/v2\/categories?post=25210"},{"taxonomy":"post_tag","embeddable":true,"href":"http:\/\/www.apucarana.pr.gov.br\/site\/wp-json\/wp\/v2\/tags?post=25210"}],"curies":[{"name":"wp","href":"https:\/\/api.w.org\/{rel}","templated":true}]}}