{"id":2521,"date":"2015-01-27T18:06:00","date_gmt":"2015-01-27T18:06:00","guid":{"rendered":"http:\/\/172.16.0.7\/site-antigo\/?p=2521"},"modified":"2024-10-08T09:10:24","modified_gmt":"2024-10-08T12:10:24","slug":"praca-28-de-janeiro-recebe-rua-de-recreio","status":"publish","type":"post","link":"http:\/\/www.apucarana.pr.gov.br\/site\/praca-28-de-janeiro-recebe-rua-de-recreio\/","title":{"rendered":"Pra\u00e7a 28 de Janeiro recebe Rua de Recreio"},"content":{"rendered":"<p><p><span style=\"letter-spacing: -0.02em; line-height: 1.45em; background-color: initial;\">Amanh\u00e3 (28), no dia do anivers\u00e1rio da cidade, a prefeitura de Apucarana vai promover Rua de Recreio na Pra\u00e7a 28 de Janeiro, entre as 14 e 18 horas. Uma animada programa\u00e7\u00e3o foi preparada para receber crian\u00e7as de toda a cidade. Os organizadores prometem muita divers\u00e3o, com atividades art\u00edsticas, l\u00fadicas, recreativas e esportivas.<\/span><\/p>\n<p>A biblioteca municipal vai ficar aberta durante o evento, fazendo carteirinhas e empr\u00e9stimos de livros. O local tamb\u00e9m ser\u00e1 disponibilizado para leitura e haver\u00e1 conta\u00e7\u00e3o de hist\u00f3rias. Para confec\u00e7\u00e3o das carteirinhas da biblioteca \u00e9 necess\u00e1rio comprovante de resid\u00eancia e RG. Aberto a toda comunidade, o evento \u00e9 uma realiza\u00e7\u00e3o da Secretaria de Promo\u00e7\u00e3o Art\u00edstica, Cultural e Tur\u00edstica de Apucarana em parceria com o Servi\u00e7o Social do Com\u00e9rcio (SESC).<\/p>\n<p><b><u>Atividades programadas:<\/u><\/b><\/p>\n<p>&middot;<span> <\/span>Camas el\u00e1sticas<\/p>\n<p>&middot;<span> <\/span>Xadrez Gigante<\/p>\n<p>&middot;<span> <\/span>Camarim de Pintura de rosto<\/p>\n<p>&middot;<span> <\/span>Jogos de Tabuleiros gigantes<\/p>\n<p>&middot;<span> <\/span>Cordas<\/p>\n<p>&middot;<span> <\/span>Bolas<\/p>\n<p>&middot;<span> <\/span>Esculturas em bal\u00f5es<\/p>\n<p>&middot;<span> <\/span>Pintura em rosto<\/p>\n<p>&middot;<span> <\/span>Pintura em cavalete<\/p>\n<p>&middot;<span> <\/span>Aferi\u00e7\u00e3o de press\u00e3o arterial, feita pelo SESC APUCARANA.<\/p>\n<p><\/p>\n","protected":false},"excerpt":{"rendered":"<p>Atividades art&iacute;sticas, l&uacute;dicas, recreativas e esportivas acontecer&atilde;o entre 14 e 18 horas<\/p>\n","protected":false},"author":4,"featured_media":0,"comment_status":"closed","ping_status":"closed","sticky":false,"template":"","format":"standard","meta":{"footnotes":""},"categories":[24],"tags":[],"class_list":["post-2521","post","type-post","status-publish","format-standard","hentry","category-noticias"],"acf":[],"_links":{"self":[{"href":"http:\/\/www.apucarana.pr.gov.br\/site\/wp-json\/wp\/v2\/posts\/2521","targetHints":{"allow":["GET"]}}],"collection":[{"href":"http:\/\/www.apucarana.pr.gov.br\/site\/wp-json\/wp\/v2\/posts"}],"about":[{"href":"http:\/\/www.apucarana.pr.gov.br\/site\/wp-json\/wp\/v2\/types\/post"}],"author":[{"embeddable":true,"href":"http:\/\/www.apucarana.pr.gov.br\/site\/wp-json\/wp\/v2\/users\/4"}],"replies":[{"embeddable":true,"href":"http:\/\/www.apucarana.pr.gov.br\/site\/wp-json\/wp\/v2\/comments?post=2521"}],"version-history":[{"count":1,"href":"http:\/\/www.apucarana.pr.gov.br\/site\/wp-json\/wp\/v2\/posts\/2521\/revisions"}],"predecessor-version":[{"id":104358,"href":"http:\/\/www.apucarana.pr.gov.br\/site\/wp-json\/wp\/v2\/posts\/2521\/revisions\/104358"}],"wp:attachment":[{"href":"http:\/\/www.apucarana.pr.gov.br\/site\/wp-json\/wp\/v2\/media?parent=2521"}],"wp:term":[{"taxonomy":"category","embeddable":true,"href":"http:\/\/www.apucarana.pr.gov.br\/site\/wp-json\/wp\/v2\/categories?post=2521"},{"taxonomy":"post_tag","embeddable":true,"href":"http:\/\/www.apucarana.pr.gov.br\/site\/wp-json\/wp\/v2\/tags?post=2521"}],"curies":[{"name":"wp","href":"https:\/\/api.w.org\/{rel}","templated":true}]}}