{"id":2520,"date":"2015-01-27T17:01:59","date_gmt":"2015-01-27T17:01:59","guid":{"rendered":"http:\/\/172.16.0.7\/site-antigo\/?p=2520"},"modified":"2024-10-08T09:10:24","modified_gmt":"2024-10-08T12:10:24","slug":"banda-metropole-agita-segunda-noite-de-shows","status":"publish","type":"post","link":"http:\/\/www.apucarana.pr.gov.br\/site\/banda-metropole-agita-segunda-noite-de-shows\/","title":{"rendered":"Banda Metr\u00f3pole agita segunda noite de shows"},"content":{"rendered":"<p><p><span style=\"letter-spacing: -0.02em; line-height: 1.45em; background-color: initial;\">Atra\u00e7\u00e3o da segunda noite de show dentro dos festejos de anivers\u00e1rio da cidade, a Banda Metr\u00f3pole atraiu ontem grande p\u00fablico para Rui Barbosa. O repert\u00f3rio diversificado do renomado grupo que se destaca em eventos especialmente na regi\u00e3o centro-sul do pa\u00eds agradou e empolgou milhares de pessoas que compareceu o evento art\u00edstico.<\/span><\/p>\n<p>Hoje \u00e9 a vez do cantor Marciano se apresentar para os apucaranenses. Por d\u00e9cadas ele fez sucesso em todo o Brasil com a dupla &ldquo;Jo\u00e3o Mineiro e Marciano&rdquo;. Com a perda do parceiro, Marciano segue carreira solo e, no anivers\u00e1rio de Apucarana, cantar\u00e1 dezenas de m\u00fasicas que s\u00e3o bastante conhecidas do p\u00fablico. Para esta apresenta\u00e7\u00e3o, a prefeitura vai reservar uma \u00e1rea, com cadeiras, na frente do palco, para receber um p\u00fablico espec\u00edfico. Membros dos 39 Grupos Conviver da Terceira Idade foram convidados e ir\u00e3o assistir ao show com direito a essa acomoda\u00e7\u00e3o.<\/p>\n<p>Para fechar a programa\u00e7\u00e3o em grande estilo, na quarta-feira (28) retornam \u00e0s suas ra\u00edzes C\u00e9sar Menotti &amp;amp; Fabiano, a dupla que cresceu e se criou em Calif\u00f3rnia e Apucarana e que, mais tarde, virou sucesso nacional. Todos os shows t\u00eam in\u00edcio previsto para as 21 horas. O Centro de Alimenta\u00e7\u00e3o, montado em frente \u00e0 Catedral Nossa Senhora de Lourdes, complementa os atrativos para a popula\u00e7\u00e3o participar dos festejos da cidade nestes pr\u00f3ximos 4 dias.<\/p>\n<p><\/p>\n","protected":false},"excerpt":{"rendered":"<p>Hoje &agrave; noite &eacute; a vez do cantor Marciano se apresentar para os apucaranenses, &agrave;s 21 horas<\/p>\n","protected":false},"author":4,"featured_media":0,"comment_status":"closed","ping_status":"closed","sticky":false,"template":"","format":"standard","meta":{"footnotes":""},"categories":[24],"tags":[],"class_list":["post-2520","post","type-post","status-publish","format-standard","hentry","category-noticias"],"acf":[],"_links":{"self":[{"href":"http:\/\/www.apucarana.pr.gov.br\/site\/wp-json\/wp\/v2\/posts\/2520","targetHints":{"allow":["GET"]}}],"collection":[{"href":"http:\/\/www.apucarana.pr.gov.br\/site\/wp-json\/wp\/v2\/posts"}],"about":[{"href":"http:\/\/www.apucarana.pr.gov.br\/site\/wp-json\/wp\/v2\/types\/post"}],"author":[{"embeddable":true,"href":"http:\/\/www.apucarana.pr.gov.br\/site\/wp-json\/wp\/v2\/users\/4"}],"replies":[{"embeddable":true,"href":"http:\/\/www.apucarana.pr.gov.br\/site\/wp-json\/wp\/v2\/comments?post=2520"}],"version-history":[{"count":1,"href":"http:\/\/www.apucarana.pr.gov.br\/site\/wp-json\/wp\/v2\/posts\/2520\/revisions"}],"predecessor-version":[{"id":104359,"href":"http:\/\/www.apucarana.pr.gov.br\/site\/wp-json\/wp\/v2\/posts\/2520\/revisions\/104359"}],"wp:attachment":[{"href":"http:\/\/www.apucarana.pr.gov.br\/site\/wp-json\/wp\/v2\/media?parent=2520"}],"wp:term":[{"taxonomy":"category","embeddable":true,"href":"http:\/\/www.apucarana.pr.gov.br\/site\/wp-json\/wp\/v2\/categories?post=2520"},{"taxonomy":"post_tag","embeddable":true,"href":"http:\/\/www.apucarana.pr.gov.br\/site\/wp-json\/wp\/v2\/tags?post=2520"}],"curies":[{"name":"wp","href":"https:\/\/api.w.org\/{rel}","templated":true}]}}