{"id":2519,"date":"2015-01-27T11:48:59","date_gmt":"2015-01-27T11:48:59","guid":{"rendered":"http:\/\/172.16.0.7\/site-antigo\/?p=2519"},"modified":"2024-10-08T09:10:24","modified_gmt":"2024-10-08T12:10:24","slug":"polo-da-uab-divulga-aprovados-no-curso-de-especializacao-em-coordenacao-pedagogica","status":"publish","type":"post","link":"http:\/\/www.apucarana.pr.gov.br\/site\/polo-da-uab-divulga-aprovados-no-curso-de-especializacao-em-coordenacao-pedagogica\/","title":{"rendered":"Polo da UAB divulga aprovados no curso de especializa\u00e7\u00e3o em coordena\u00e7\u00e3o pedag\u00f3gica"},"content":{"rendered":"<p><p>A coordena\u00e7\u00e3o do Polo Presencial da Universidade Aberta do Brasil (UAB), em Apucarana, comunica que a Universidade Federal do Paran\u00e1 (UFPR) divulgou a rela\u00e7\u00e3o de aprovados no curso de especializa\u00e7\u00e3o em coordena\u00e7\u00e3o pedag\u00f3gica. O processo seletivo ocorreu nos polos de Apucarana, Curitiba, Foz do Igua\u00e7u, Lapa, Laranjeiras do Sul, Matinhos, Paranava\u00ed, Pato Branco e Ponta Grossa. A matr\u00edcula dever\u00e1 ser efetivada no dia 7 de fevereiro, quando acontece a aula inaugural, no Teatro da Reitoria da UFPR, localizado na Rua XV de Novembro, em Curitiba. <\/p>\n<p>Somente no polo de Apucarana foram aprovados 45 candidatos, que dever\u00e3o comparecer na aula inaugural munidos dos seguintes documentos: c\u00f3pia simples da Carteira de Identidade (RG); c\u00f3pia simples do CPF; c\u00f3pia simples e original do Diploma de Gradua\u00e7\u00e3o; hist\u00f3rico escolar de gradua\u00e7\u00e3o completo; comprovante de atua\u00e7\u00e3o na fun\u00e7\u00e3o exigida (Pedagogo\/Coordenador Pedag\u00f3gico &#8211; em acordo com o edital), a ser emita pela Secretaria Municipal ou Estadual de Educa\u00e7\u00e3o; comprovante de resid\u00eancia; e Termo de Compromisso do Aluno (modelo constante no edital) devidamente preenchido e assinado.<\/p>\n<p>De acordo com o edital que tornou p\u00fablico o resultado, o candidato que n\u00e3o comparecer na aula inaugural e com os devidos documentos perder\u00e1 sua vaga no curso, sendo substitu\u00eddo por nome em lista de espera.O curso ter\u00e1 dura\u00e7\u00e3o de 12 meses, mais seis meses para a elabora\u00e7\u00e3o do Trabalho de Conclus\u00e3o de Curso (TCC), na modalidade \u00e0 dist&acirc;ncia, envolvendo sete encontros presenciais nos respectivos polos, mais um encontro inicial e um final na UFPR em Curitiba.<\/p>\n<p>Segundo a professora Sueli Gomes, coordenadora do Polo UAB Apucarana, o curso de especializa\u00e7\u00e3o \u00e9 destinado aos profissionais graduados em licenciatura plena, em qualquer \u00e1rea do conhecimento, que integrem a equipe de coordena\u00e7\u00e3o das escolas, pedagogos ou profissionais que exercem fun\u00e7\u00e3o equivalente, em exerc\u00edcio, na rede estadual ou nas redes municipais de ensino do Paran\u00e1. &ldquo;A forma\u00e7\u00e3o \u00e9 gratuita e objetiva formar, em n\u00edvel de p\u00f3s-gradua\u00e7\u00e3o lato sensu, coordenadores pedag\u00f3gicos, pedagogos ou profissionais que exercem fun\u00e7\u00e3o equivalente e atuam em escolas p\u00fablicas de educa\u00e7\u00e3o b\u00e1sica&rdquo;, completa Sueli Gomes, informando que o edital com o resultado dos aprovados est\u00e1 dispon\u00edvel no endere\u00e7o <a href=\"http:\/\/www.cipead.ufpr.br\/\"><span>www.cipead.ufpr.br<\/span><\/a>.<b> <\/b><\/p>\n<p><b>  <\/p>\n<p>POLO APUCARANA (candidatos aprovados &ndash; lista em ordem alfab\u00e9tica)<\/p>\n<p>ABILIO BEDIN NETO<\/p>\n<p>AC&Aacute;CIA CRISTINA MILANO<\/p>\n<p>ADRIANA CUSTODIA MOREIRA<\/p>\n<p>ANDR&Eacute;IA APARECIDA VICENTINI SAGATI<\/p>\n<p>BEATRIZ DELLA MURA SILVA<\/p>\n<p>CARMEN LIDIA COLA DE OLIVEIRA<\/p>\n<p>C&Eacute;LIA MARIA BARROZO PREMEBIDA<\/p>\n<p>CL&Aacute;UDIA REGINA RODRIGUES DA CRUZ FACHINI<\/p>\n<p>DANIELE CRISTINA DA SILVA<\/p>\n<p>EDVANE BATISTA ANDRICH<\/p>\n<p>ELIZETE BECHER<\/p>\n<p>&Eacute;RICA ALESSANDRA DA SILVA E SILVA<\/p>\n<p>FABIANE BUENO DE OLIVEIRA<\/p>\n<p>GERUSA MARTINS AYRES<\/p>\n<p>GLACI LAUER<\/p>\n<p>GLEITON REIS DOS SANTOS<\/p>\n<p>ICREVENICE JOANA ALMAGRO<\/p>\n<p>ILDA ALVES<\/p>\n<p>IRENE SILVINO DA COSTA MARTINES BATISTA<\/p>\n<p>JOCELIA WALTER COLA&Ccedil;O<\/p>\n<p>JULIANA FERNANDES LOPES<\/p>\n<p>JUSSARA MARIA DE SOUZA MAZIERO<\/p>\n<p>LET&Iacute;CIA DE ANDRADE COSTA<\/p>\n<p>LILIANA CORREIA DE LIMA<\/p>\n<p>LUCIANA RIBEIRO SALOMAO<\/p>\n<p>MARIA DE LOURDES DE SOUZA<\/p>\n<p>MARLENE DE SOUZA<\/p>\n<p>NEUZA FIGUEIRA DA SILVA<\/p>\n<p>PAULO SILV&Eacute;RIO PEREIRA<\/p>\n<p>RATHIMO DA SILVA LACERDA<\/p>\n<p>RODRIGO DE ABREU<\/p>\n<p>ROSANGELA FUREGATTO<\/p>\n<p>ROSEANE ZANON MESQUITA<\/p>\n<p>ROSEMARI FLORES LIZARELLI<\/p>\n<p>ROSEMARY TASSO<\/p>\n<p>ROSENES APARECIDA TOMAZONI<\/p>\n<p>ROSIANA BESSA<\/p>\n<p>RUBENITA METZNER KRUSE<\/p>\n<p>SAMUEL GON&Ccedil;ALVES DA SILVA<\/p>\n<p>SANTINO GON&Ccedil;ALVES<\/p>\n<p>SHEILA CRISTINA DA SILVA<\/p>\n<p>SIMONE BOSSA MENDES<\/p>\n<p>SORAYA REGINA VICENTE<\/p>\n<p>VANDERLI FERNANDES NEVES NOEL<\/p>\n<p>WAGNER EVANGELISTA DOS SANTOS<\/p>\n<p><\/b><\/p>\n","protected":false},"excerpt":{"rendered":"<p>A matr&iacute;cula dever&aacute; ser efetivada na aula inaugural, que acontece no dia 7 de fevereiro, em Curitiba <\/p>\n","protected":false},"author":4,"featured_media":0,"comment_status":"closed","ping_status":"closed","sticky":false,"template":"","format":"standard","meta":{"footnotes":""},"categories":[24],"tags":[],"class_list":["post-2519","post","type-post","status-publish","format-standard","hentry","category-noticias"],"acf":[],"_links":{"self":[{"href":"http:\/\/www.apucarana.pr.gov.br\/site\/wp-json\/wp\/v2\/posts\/2519","targetHints":{"allow":["GET"]}}],"collection":[{"href":"http:\/\/www.apucarana.pr.gov.br\/site\/wp-json\/wp\/v2\/posts"}],"about":[{"href":"http:\/\/www.apucarana.pr.gov.br\/site\/wp-json\/wp\/v2\/types\/post"}],"author":[{"embeddable":true,"href":"http:\/\/www.apucarana.pr.gov.br\/site\/wp-json\/wp\/v2\/users\/4"}],"replies":[{"embeddable":true,"href":"http:\/\/www.apucarana.pr.gov.br\/site\/wp-json\/wp\/v2\/comments?post=2519"}],"version-history":[{"count":1,"href":"http:\/\/www.apucarana.pr.gov.br\/site\/wp-json\/wp\/v2\/posts\/2519\/revisions"}],"predecessor-version":[{"id":104360,"href":"http:\/\/www.apucarana.pr.gov.br\/site\/wp-json\/wp\/v2\/posts\/2519\/revisions\/104360"}],"wp:attachment":[{"href":"http:\/\/www.apucarana.pr.gov.br\/site\/wp-json\/wp\/v2\/media?parent=2519"}],"wp:term":[{"taxonomy":"category","embeddable":true,"href":"http:\/\/www.apucarana.pr.gov.br\/site\/wp-json\/wp\/v2\/categories?post=2519"},{"taxonomy":"post_tag","embeddable":true,"href":"http:\/\/www.apucarana.pr.gov.br\/site\/wp-json\/wp\/v2\/tags?post=2519"}],"curies":[{"name":"wp","href":"https:\/\/api.w.org\/{rel}","templated":true}]}}