{"id":25187,"date":"2019-07-24T11:33:42","date_gmt":"2019-07-24T14:33:42","guid":{"rendered":"http:\/\/172.16.0.7\/site-antigo\/?p=25187"},"modified":"2024-10-08T09:19:00","modified_gmt":"2024-10-08T12:19:00","slug":"expoagri-tera-show-de-talentos","status":"publish","type":"post","link":"http:\/\/www.apucarana.pr.gov.br\/site\/expoagri-tera-show-de-talentos\/","title":{"rendered":"Expoagri ter\u00e1 show de talentos"},"content":{"rendered":"<p>Uma reuni\u00e3o ontem, no gabinete municipal, com a participa\u00e7\u00e3o do prefeito Junior da Femac, da diretora geral do Col\u00e9gio Agr\u00edcola Manoel Ribas, professora Rosiney Pimenta, e representantes de v\u00e1rias secretarias municipais, definiu os detalhes finais da organiza\u00e7\u00e3o da Expoagri\/2019. Programada para 15, 16 e 17 de agosto, a tradicional exposi\u00e7\u00e3o anual Col\u00e9gio Estadual Agr\u00edcola Manoel Ribas de Apucarana passou a contar, a partir dessa edi\u00e7\u00e3o, com a parceria da Prefeitura e promete muitas novidades para o p\u00fablico, entre elas o show de talentos.<br \/>\nProgramado para s\u00e1bado (17), a partir da 17 horas, o show de talentos abre 20 vagas para cantores ou duplas sertanejas formadas por universit\u00e1rios de Apucarana e regi\u00e3o participarem de uma apresenta\u00e7\u00e3o seletiva. O n\u00famero de vagas, portanto, \u00e9 limitado e as inscri\u00e7\u00f5es podem ser feitas Secretaria da Promo\u00e7\u00e3o Art\u00edstica, Cultural e Tur\u00edstica da Prefeitura de Apucarana (Promatur), que funciona no Cine Teatro F\u00eanix. Telefone 3423-2944.<br \/>\n\u201cOs 20 inscritos participar\u00e3o de um concurso e o escolhido pelos jurados estar\u00e1 entre as atra\u00e7\u00f5es art\u00edsticas da programa\u00e7\u00e3o oficial da Expoagri\/2020\u201d, detalha o prefeito Junior da Femac.<br \/>\nAl\u00e9m da exposi\u00e7\u00e3o das atividades e trabalhos desenvolvidos pelos alunos da escola-fazenda, a Expoagri\/2019 ter\u00e1 muitas atra\u00e7\u00f5es musicais e pra\u00e7a da alimenta\u00e7\u00e3o, passando a ocupar espa\u00e7o fora dos muros do col\u00e9gio. As atividades ser\u00e3o expandidas para a Rua Marc\u00edlio Dias.<br \/>\n\u201cOs tr\u00eas dias do evento vai oferecer atrativos para popula\u00e7\u00e3o de Apucarana e regi\u00e3o, com shows musicais gratuitos, exposi\u00e7\u00e3o de trabalhos, palestras e gastronomia\u201d, refor\u00e7a a diretora do col\u00e9gio, Rosiney Pimenta.<br \/>\nO prefeito Junior da Femac destaca que exposi\u00e7\u00e3o est\u00e1 sendo inovada e faz parte da estrat\u00e9gia de fomentar o turismo em Apucarana. \u201cForam agregados novos atrativos na Expoagri. A exposi\u00e7\u00e3o deixa de estar focada apenas no ensino, pesquisa e apresenta\u00e7\u00e3o de projetos. Vamos promover um evento para celebrar a cultura sertaneja\u201d, frisa Junior da Femac.<br \/>\n<strong>PROGRAMA\u00c7\u00c3O<\/strong><strong>\u00a0<\/strong>\u2013 A abertura oficial da Expoagri ser\u00e1 no dia 15, \u00e0s 8 horas, seguida pela visita \u00e0 escola-fazenda e ao campo experimental.<br \/>\nNo dia 16, sexta-feira, est\u00e1 programado um ciclo de palestras durante o dia, abordando a qualidade do leite, agricultura de precis\u00e3o, fruticultura, manejo do solo, previd\u00eancia social no setor agr\u00edcola e cr\u00e9dito fundi\u00e1rio. A partir das 20H30, junto \u00e0 pra\u00e7a de alimenta\u00e7\u00e3o, na Rua Marc\u00edlio Dias, est\u00e3o programados shows com a orquestra sertaneja Facmol; seguido de show com Bruna Viola, \u00e0s 22 horas.<br \/>\nNo s\u00e1bado, dia 17 de agosto, acontece durante o dia visita\u00e7\u00e3o ao campo experimental e, na parte da manh\u00e3, palestras t\u00e9cnicas. Haver\u00e1 ainda almo\u00e7o, seguido por show roda de viola com artistas regionais. J\u00e1 a partir das 17 horas, est\u00e1 programado um show com talentos universit\u00e1rios. E, fechando as atra\u00e7\u00f5es, show com a dupla sertaneja Conrado &amp; Aleksandro.<\/p>\n","protected":false},"excerpt":{"rendered":"<p>Exposi\u00e7\u00e3o vai abrir espa\u00e7o para duplas sertanejas formadas por universit\u00e1rios de Apucarana e regi\u00e3o participarem de uma apresenta\u00e7\u00e3o seletiva (Foto &#8211; Profeta)<\/p>\n","protected":false},"author":4,"featured_media":25188,"comment_status":"closed","ping_status":"open","sticky":false,"template":"","format":"standard","meta":{"footnotes":""},"categories":[24],"tags":[],"class_list":["post-25187","post","type-post","status-publish","format-standard","has-post-thumbnail","hentry","category-noticias"],"acf":[],"_links":{"self":[{"href":"http:\/\/www.apucarana.pr.gov.br\/site\/wp-json\/wp\/v2\/posts\/25187","targetHints":{"allow":["GET"]}}],"collection":[{"href":"http:\/\/www.apucarana.pr.gov.br\/site\/wp-json\/wp\/v2\/posts"}],"about":[{"href":"http:\/\/www.apucarana.pr.gov.br\/site\/wp-json\/wp\/v2\/types\/post"}],"author":[{"embeddable":true,"href":"http:\/\/www.apucarana.pr.gov.br\/site\/wp-json\/wp\/v2\/users\/4"}],"replies":[{"embeddable":true,"href":"http:\/\/www.apucarana.pr.gov.br\/site\/wp-json\/wp\/v2\/comments?post=25187"}],"version-history":[{"count":1,"href":"http:\/\/www.apucarana.pr.gov.br\/site\/wp-json\/wp\/v2\/posts\/25187\/revisions"}],"predecessor-version":[{"id":100300,"href":"http:\/\/www.apucarana.pr.gov.br\/site\/wp-json\/wp\/v2\/posts\/25187\/revisions\/100300"}],"wp:featuredmedia":[{"embeddable":true,"href":"http:\/\/www.apucarana.pr.gov.br\/site\/wp-json\/"}],"wp:attachment":[{"href":"http:\/\/www.apucarana.pr.gov.br\/site\/wp-json\/wp\/v2\/media?parent=25187"}],"wp:term":[{"taxonomy":"category","embeddable":true,"href":"http:\/\/www.apucarana.pr.gov.br\/site\/wp-json\/wp\/v2\/categories?post=25187"},{"taxonomy":"post_tag","embeddable":true,"href":"http:\/\/www.apucarana.pr.gov.br\/site\/wp-json\/wp\/v2\/tags?post=25187"}],"curies":[{"name":"wp","href":"https:\/\/api.w.org\/{rel}","templated":true}]}}