{"id":25182,"date":"2019-07-24T09:26:56","date_gmt":"2019-07-24T12:26:56","guid":{"rendered":"http:\/\/172.16.0.7\/site-antigo\/?p=25182"},"modified":"2024-10-08T09:19:00","modified_gmt":"2024-10-08T12:19:00","slug":"apucarana-vai-investir-r-38-milhoes-na-modernizacao-da-iluminacao-publica","status":"publish","type":"post","link":"http:\/\/www.apucarana.pr.gov.br\/site\/apucarana-vai-investir-r-38-milhoes-na-modernizacao-da-iluminacao-publica\/","title":{"rendered":"Apucarana vai investir R$ 3,8 milh\u00f5es na moderniza\u00e7\u00e3o da ilumina\u00e7\u00e3o p\u00fablica"},"content":{"rendered":"<p style=\"font-weight: 400\">\n<p style=\"font-weight: 400\">A Prefeitura de Apucarana est\u00e1 finalizando um projeto que visa tornar mais eficiente o sistema de ilumina\u00e7\u00e3o p\u00fablica da cidade. Na primeira etapa ser\u00e3o investidos R$ 3,8 milh\u00f5es, para a troca de cerca de 5 mil pontos de luz, abrangendo toda a regi\u00e3o central e bairros. H\u00e1 quatro anos, durante a gest\u00e3o do prefeito Beto Preto, j\u00e1 haviam sido instaladas 5 mil lumin\u00e1rias mais eficientes, de vapor met\u00e1lico.<\/p>\n<p style=\"font-weight: 400\">O prefeito Junior da Femac se reuniu ontem com os secret\u00e1rios de obras, Herivelto Moreno, e o diretor-presidente do Instituto de Desenvolvimento, Pesquisa e Planejamento (Idepplan), Lafayete Luz, para tratar dos \u00faltimos detalhes do projeto. \u201cVamos contemplar com lumin\u00e1rias mais eficientes as principais ruas e avenidas da cidade, al\u00e9m de substituir todas as lumin\u00e1rias rebaixadas, as de vapor de merc\u00fario e grande parte das lumin\u00e1rias de vapor de s\u00f3dio. Todos os bairros, parques industriais e distritos ser\u00e3o atendidos\u201d, anuncia Junior da Femac.<\/p>\n<p style=\"font-weight: 400\">Conforme antecipa o prefeito e os engenheiros Lafayete Luz e Herivelto Moreno, Apucarana ir\u00e1 adotar ilumina\u00e7\u00e3o de led em 1.800 pontos da cidade. Ser\u00e3o contempladas as principais avenidas e ruas, tendo como crit\u00e9rio as de maior fluxo de ve\u00edculos e de pedestres, e as vias utilizadas pelo transporte coletivo urbano, al\u00e9m das vias que s\u00e3o consideradas eixos de liga\u00e7\u00e3o entre o centro e os bairros.<\/p>\n<p style=\"font-weight: 400\"><strong>VIAS COM LED<\/strong>\u00a0&#8211; Entre as avenidas e ruas que ir\u00e3o receber ilumina\u00e7\u00e3o de led j\u00e1 est\u00e3o definidas a Avenida Minas gerais, do monumento do\u201dbonez\u00e3o\u201d at\u00e9 o contorno sul \u2013 passando pela Unespar\/Fecea, N\u00facleo Adriano Correio e Paranatex, at\u00e9 o Contorno Sul. Tamb\u00e9m ser\u00e1 contemplada a Avenida Governador Roberto da Silveira, do Parque Industrial Oeste at\u00e9 a Rua Clot\u00e1rio Portugal.<\/p>\n<p style=\"font-weight: 400\">Outras j\u00e1 inclusas no projeto, para lumin\u00e1rias de led s\u00e3o a Avenida Curitiba em toda a sua extens\u00e3o, passando pelos entornos das pra\u00e7as Rui Barbosa e \u00a0do Redondo; as ruas Clot\u00e1rio Portugal e Munhoz da Rocha, em toda sua extens\u00e3o; Avenidas Irati e Corifeu Azevedo Marques; ruas Ponta Grossa, Severino Cerutti, Osvaldo Cruz, Nagib Daher, e Rio Branco (da Pra\u00e7a Rui Barbosa e at\u00e9 o Cemit\u00e9rio da Saudade).<\/p>\n<p style=\"font-weight: 400\">Ter\u00e3o ilumina\u00e7\u00e3o mais moderna (led) ainda as ruas Nova Ucr\u00e2nia (do Bairro Igrejinha at\u00e9 o Contorno Sul) e Cristiano Kusmaul (da Governador Roberto da Silveira at\u00e9 o contorno Sul). Incluem-se ainda no projeto com lumin\u00e1rias de led a Avenida Pinho Arauc\u00e1ria (da Sociedade Rural at\u00e9 a Rua Jo\u00e3o Matiuzzi), e a Rua Koey Tatesuji (da Sociedade Rural at\u00e9 o Contorno Norte).<\/p>\n<p style=\"font-weight: 400\"><strong>SUBSTITUI\u00c7\u00c3O<\/strong>\u00a0&#8211; Entre os bairros que ser\u00e3o atendidos com a substitui\u00e7\u00e3o de sistemas de ilumina\u00e7\u00e3o de baixa efici\u00eancia para outros de melhor qualidade est\u00e3o o Interlagos, Catua\u00ed, Afonso Camargo, Jo\u00e3o Paulo I, Adriano Correia, Ponta Grossa, Am\u00e9rica, Santos Dumont, Avia\u00e7\u00e3o e Parque Bela Vista. Nestes bairros, incluindo ainda os parques industriais e distritos, ser\u00e3o substitu\u00eddos 3.200 pontos de luz, assegurando maior luminosidade.<\/p>\n<p style=\"font-weight: 400\">O engenheiro eletricista Lafayete Luz explica que h\u00e1 quatro anos, na gest\u00e3o Beto Preto, foi realizado um investimento significativo com a substitui\u00e7\u00e3o de 5 mil dos 18 mil pontos de luz da cidade. Ele explica que, na \u00e9poca optou-se em n\u00e3o adotar o sistema de lumin\u00e1rias de led, por que era muito caro e ainda n\u00e3o havia uma confian\u00e7a plena nesta tecnologia. \u201cA agora o cen\u00e1rio \u00e9 diferente: o pre\u00e7o do led teve uma redu\u00e7\u00e3o de 50% e existe uma certeza de que a economia de energia alcan\u00e7a de 35 a 40%, com maior efici\u00eancia da luminosidade e menor custo de manuten\u00e7\u00e3o\u201d, argumenta o engenheiro.<\/p>\n<p style=\"font-weight: 400\">O secret\u00e1rio de obras, Herivelto Moreno, informa que num prazo de dez dias ser\u00e1 lan\u00e7ado o edital de licita\u00e7\u00e3o deste pacote de moderniza\u00e7\u00e3o do sistema de ilumina\u00e7\u00e3o p\u00fablica de Apucarana. \u201cO processo de concorr\u00eancia deve durar 60 dias e ap\u00f3s sua conclus\u00e3o, a empresa vencedora ir\u00e1 iniciar a instala\u00e7\u00e3o dos trechos com sistema de led, e a substitui\u00e7\u00e3o de outros pontos, que ainda t\u00eam ilumina\u00e7\u00e3o de vapor de merc\u00fario e vapor de s\u00f3dio, que s\u00e3o de baixa qualidade\u201d, anuncia Moreno, acrescentando que muitos bairros ter\u00e3o um ganho consider\u00e1vel de qualidade, recebendo lumin\u00e1rias de vapor met\u00e1lico.<\/p>\n<p style=\"font-weight: 400\">Para o prefeito Junior da Femac, a ilumina\u00e7\u00e3o de melhor qualidade garante mais seguran\u00e7a e conforto \u00e0s pessoas, al\u00e9m de, ao mesmo tempo, induzir desenvolvimento. \u201cVamos investir recursos pr\u00f3prios, economizados pela gest\u00e3o Beto Preto, somados a recursos provenientes da Contribui\u00e7\u00e3o para o Sistema de Ilumina\u00e7\u00e3o P\u00fablica (Cosip), taxa inserida nas faturas de energia el\u00e9trica\u201d, anuncia Junior da Femac.<\/p>\n<p style=\"font-weight: 400\"><strong>RODOVIAS<\/strong>\u00a0&#8211; Ao lan\u00e7ar o novo projeto de moderniza\u00e7\u00e3o da ilumina\u00e7\u00e3o p\u00fablica de Apucarana, o prefeito informa ainda que j\u00e1 est\u00e1 em estudo outro projeto para implanta\u00e7\u00e3o de sistema mais eficiente nas tr\u00eas entradas de Apucarana. \u201cOs trechos a serem contemplados s\u00e3o do Distrito de Pirap\u00f3 at\u00e9 o 10\u00ba Batalh\u00e3o da Pol\u00edcia Militar; da Vila reis at\u00e9 a Paranatex; e na sa\u00edda para Londrina, em todo o Parque Industrial Norte\u201d, informa Junior.<\/p>\n","protected":false},"excerpt":{"rendered":"<p>Principais vias da cidade ter\u00e3o lumin\u00e1rias de led; licita\u00e7\u00e3o ser\u00e1 lan\u00e7ada nos pr\u00f3ximos dias (Fotos &#8211; Profeta)<\/p>\n","protected":false},"author":4,"featured_media":25184,"comment_status":"closed","ping_status":"open","sticky":false,"template":"","format":"standard","meta":{"footnotes":""},"categories":[24],"tags":[],"class_list":["post-25182","post","type-post","status-publish","format-standard","has-post-thumbnail","hentry","category-noticias"],"acf":[],"_links":{"self":[{"href":"http:\/\/www.apucarana.pr.gov.br\/site\/wp-json\/wp\/v2\/posts\/25182","targetHints":{"allow":["GET"]}}],"collection":[{"href":"http:\/\/www.apucarana.pr.gov.br\/site\/wp-json\/wp\/v2\/posts"}],"about":[{"href":"http:\/\/www.apucarana.pr.gov.br\/site\/wp-json\/wp\/v2\/types\/post"}],"author":[{"embeddable":true,"href":"http:\/\/www.apucarana.pr.gov.br\/site\/wp-json\/wp\/v2\/users\/4"}],"replies":[{"embeddable":true,"href":"http:\/\/www.apucarana.pr.gov.br\/site\/wp-json\/wp\/v2\/comments?post=25182"}],"version-history":[{"count":1,"href":"http:\/\/www.apucarana.pr.gov.br\/site\/wp-json\/wp\/v2\/posts\/25182\/revisions"}],"predecessor-version":[{"id":100301,"href":"http:\/\/www.apucarana.pr.gov.br\/site\/wp-json\/wp\/v2\/posts\/25182\/revisions\/100301"}],"wp:featuredmedia":[{"embeddable":true,"href":"http:\/\/www.apucarana.pr.gov.br\/site\/wp-json\/"}],"wp:attachment":[{"href":"http:\/\/www.apucarana.pr.gov.br\/site\/wp-json\/wp\/v2\/media?parent=25182"}],"wp:term":[{"taxonomy":"category","embeddable":true,"href":"http:\/\/www.apucarana.pr.gov.br\/site\/wp-json\/wp\/v2\/categories?post=25182"},{"taxonomy":"post_tag","embeddable":true,"href":"http:\/\/www.apucarana.pr.gov.br\/site\/wp-json\/wp\/v2\/tags?post=25182"}],"curies":[{"name":"wp","href":"https:\/\/api.w.org\/{rel}","templated":true}]}}