{"id":2517,"date":"2015-01-26T18:35:00","date_gmt":"2015-01-26T18:35:00","guid":{"rendered":"http:\/\/172.16.0.7\/site-antigo\/?p=2517"},"modified":"2024-10-08T09:10:24","modified_gmt":"2024-10-08T12:10:24","slug":"futuros-mutuarios-do-jacana-assinam-contratos","status":"publish","type":"post","link":"http:\/\/www.apucarana.pr.gov.br\/site\/futuros-mutuarios-do-jacana-assinam-contratos\/","title":{"rendered":"Futuros mutu\u00e1rios do Ja\u00e7an\u00e3 assinam contratos"},"content":{"rendered":"<p><p><span style=\"letter-spacing: -0.02em; line-height: 1.45em; background-color: initial;\">Cumprindo a \u00faltima etapa do processo da compra do im\u00f3vel antes de receber as chaves da casa nesta quinta-feira (29), os futuros moradores do Residencial Ja\u00e7an\u00e3 est\u00e3o assinando, hoje (26) e amanh\u00e3 (27), o contrato de financiamento com a Caixa Econ&ocirc;mica Federal. O evento est\u00e1 sendo realizado no gin\u00e1sio de esportes do Servi\u00e7o Social da Ind\u00fastria (Sesi). O atendimento come\u00e7a \u00e0s 8 horas e segue at\u00e9 as 17 horas, sem interrup\u00e7\u00e3o para o hor\u00e1rio do almo\u00e7o.<\/span><\/p>\n<p>Nesta segunda-feira (26), assinaram os contratos os mutu\u00e1rios com nomes compreendidos entre as letras A e L e amanh\u00e3 o trabalho prossegue com o grupo formado pelas iniciais que v\u00e3o de M a Z. As trezentas casas do Residencial Ja\u00e7an\u00e3, localizado pr\u00f3ximo ao Jardim Colonial, foram constru\u00eddas atrav\u00e9s do Programa Minha Casa, Minha Vida, beneficiando fam\u00edlias de baixa renda que pagar\u00e3o presta\u00e7\u00f5es mensais (entre R$ 25 e R$ 80) pelo per\u00edodo de 10 anos.<\/p>\n<p>Com a \u00e1rea constru\u00edda de 41,73 m&sup2;, sendo 9 casas para portadores de necessidades especiais e outras 9 para idosos, as moradias contam com sala, cozinha, 2 quartos e banheiro. O custo total do empreendimento \u00e9 de aproximadamente R$ 20 milh\u00f5es, sendo R$ 18 milh\u00f5es do Fundo de Arrendamento Residencial (FAR\/Governo Federal); R$ 1,2 milh\u00e3o do Governo do Estado (Cohapar); e R$ 636 mil referentes a padr\u00f5es de energia (Copel), e rede de \u00e1gua da Sanepar. O projeto inclui ainda obras de infraestrutura, como drenagem de \u00e1gua pluvial, rede coletora de esgoto, pavimenta\u00e7\u00e3o asf\u00e1ltica, meio fio e passeio em concreto.<\/p>\n<p>Ao destacar a qualidade da obra, o prefeito Beto Preto lembrou, entre outros detalhes, que as casas foram constru\u00eddas com laje, fator essencial para garantir conforto t\u00e9rmico os moradores tanto no inverno como no ver\u00e3o. As resid\u00eancias contam tamb\u00e9m com sistema de aquecimento solar, com placas instaladas nos telhados.<\/p>\n<p>Ao saudar os futuros moradores do Ja\u00e7an\u00e3, o prefeito Beto Preto, reiterou seu compromisso de reduzir a fila de espera pela casa pr\u00f3pria em Apucarana. &ldquo;J\u00e1 entregamos 1.301 casas e temos outras 1.995 em constru\u00e7\u00e3o, no Fariz Gebrim (1\u00aa e 2\u00aa etapas), Solo Sagrado e Barcelona&rdquo;, lembrou o prefeito, acrescentando que espera concluir seu mandato com ao menos 4 mil resid\u00eancias entregues em Apucarana.<\/p>\n<p><\/p>\n","protected":false},"excerpt":{"rendered":"<p>Documentos est&atilde;o sendo firmados em evento que come&ccedil;ou nesta segunda e prossegue amanh&atilde;<\/p>\n","protected":false},"author":4,"featured_media":0,"comment_status":"closed","ping_status":"closed","sticky":false,"template":"","format":"standard","meta":{"footnotes":""},"categories":[24],"tags":[],"class_list":["post-2517","post","type-post","status-publish","format-standard","hentry","category-noticias"],"acf":[],"_links":{"self":[{"href":"http:\/\/www.apucarana.pr.gov.br\/site\/wp-json\/wp\/v2\/posts\/2517","targetHints":{"allow":["GET"]}}],"collection":[{"href":"http:\/\/www.apucarana.pr.gov.br\/site\/wp-json\/wp\/v2\/posts"}],"about":[{"href":"http:\/\/www.apucarana.pr.gov.br\/site\/wp-json\/wp\/v2\/types\/post"}],"author":[{"embeddable":true,"href":"http:\/\/www.apucarana.pr.gov.br\/site\/wp-json\/wp\/v2\/users\/4"}],"replies":[{"embeddable":true,"href":"http:\/\/www.apucarana.pr.gov.br\/site\/wp-json\/wp\/v2\/comments?post=2517"}],"version-history":[{"count":1,"href":"http:\/\/www.apucarana.pr.gov.br\/site\/wp-json\/wp\/v2\/posts\/2517\/revisions"}],"predecessor-version":[{"id":104362,"href":"http:\/\/www.apucarana.pr.gov.br\/site\/wp-json\/wp\/v2\/posts\/2517\/revisions\/104362"}],"wp:attachment":[{"href":"http:\/\/www.apucarana.pr.gov.br\/site\/wp-json\/wp\/v2\/media?parent=2517"}],"wp:term":[{"taxonomy":"category","embeddable":true,"href":"http:\/\/www.apucarana.pr.gov.br\/site\/wp-json\/wp\/v2\/categories?post=2517"},{"taxonomy":"post_tag","embeddable":true,"href":"http:\/\/www.apucarana.pr.gov.br\/site\/wp-json\/wp\/v2\/tags?post=2517"}],"curies":[{"name":"wp","href":"https:\/\/api.w.org\/{rel}","templated":true}]}}