{"id":25166,"date":"2019-07-23T18:36:49","date_gmt":"2019-07-23T21:36:49","guid":{"rendered":"http:\/\/172.16.0.7\/site-antigo\/?p=25166"},"modified":"2024-10-08T09:19:01","modified_gmt":"2024-10-08T12:19:01","slug":"economia-solidaria-capacita-1a-turma-em-guarapuava","status":"publish","type":"post","link":"http:\/\/www.apucarana.pr.gov.br\/site\/economia-solidaria-capacita-1a-turma-em-guarapuava\/","title":{"rendered":"Economia Solid\u00e1ria capacita 1\u00aa turma em Guarapuava"},"content":{"rendered":"<p>Tornar-se refer\u00eancia regional significa inspirar munic\u00edpios vizinhos pelas ideias e conceitos, e servir de exemplo pelas pr\u00e1ticas bem sucedidas de implanta\u00e7\u00e3o e estabelecimento das a\u00e7\u00f5es propostas. \u00c9 o que o Projeto de Economia Solid\u00e1ria e Protagonismo Feminino, da secretaria da Mulher e Assuntos da Fam\u00edlia, vem fazendo de modo s\u00f3lido e constante. Depois de cooperar com Cambira na capacita\u00e7\u00e3o da primeira turma de empreendedoras econ\u00f4mico-solid\u00e1rias, a coordenadora do projeto, Bete Berton, esteve em Guarapuava na \u00faltima semana, onde capacitou 44 pessoas.<br \/>\nO curso foi realizado nos dias 17 e 18 de julho, em per\u00edodo integral, no audit\u00f3rio da secretaria de Agricultura de Guarapuava, promovido pela secretaria de Pol\u00edticas P\u00fablicas para as Mulheres do Munic\u00edpio, cuja secret\u00e1ria \u00e9 Priscila Schran de Lima. A coordenadora de cursos profissionalizantes e autonomia econ\u00f4mica da secretaria da Mulher, Vanderl\u00e9ia Chizini, definiu o curso ministrado por Bete Berton no munic\u00edpio como \u201cum divisor de \u00e1guas\u201d. Segundo ela, os projetos estimulados pela secretaria, antes isolados e independentes, agora s\u00e3o reunidos sob os pilares da economia solid\u00e1ria e v\u00e3o se somar aos empreendimentos econ\u00f4mico-solid\u00e1rios nascidos durante o primeiro curso de capacita\u00e7\u00e3o da cidade.<br \/>\nNa cerim\u00f4nia de entrega de certificados de conclus\u00e3o, o vice-prefeito da cidade, Itacir Vezzaro, surpreendeu a todos com um presente de formatura. Ele vai trazer as 44 conclu\u00edntes para conhecer Apucarana na primeira semana de setembro, numa excurs\u00e3o de dois dias. Na oportunidade, elas visitar\u00e3o os espa\u00e7os de comercializa\u00e7\u00e3o dos empreendimentos econ\u00f4mico-solid\u00e1rios e poder\u00e3o conhecer um pouco mais do funcionamento do projeto na cidade, estimulando a \u201ctroca de saberes\u201d entre as empreendedoras, um dos conceitos importantes \u00e0 economia solid\u00e1ria.<br \/>\nAo fim do curso, a coordenadora de Guarapuava Vanderl\u00e9ia Chizini visitou Apucarana. Ela passou a sexta-feira (19\/7) conhecendo as instala\u00e7\u00f5es do Centro de Oficinas da Mulher, do Centro de Atendimento \u00e0 Mulher e do Comit\u00ea Gestor da secretaria da Mulher e Assuntos da Fam\u00edlia. Ela visitou nove pontos de comercializa\u00e7\u00e3o dos empreendimentos econ\u00f4mico-solid\u00e1rios na cidade. \u201cFoi uma visita muito enriquecedora, especialmente no momento em que estamos dando in\u00edcio ao processo da economia solid\u00e1ria em Guarapuava. Apucarana \u00e9 uma cidade muito acolhedora\u201d, disse. A coordenadora da Economia Solid\u00e1ria em Cambira, Valdin\u00e9ia Av\u00edncola, acompanhou a visita.<br \/>\n<strong>Apoio integral <\/strong>A secret\u00e1ria da Mulher e Assuntos da Fam\u00edlia, Denise Canesin, destacou o papel da Prefeitura no crescimento do projeto. \u201cTemos que agradecer ao prefeito J\u00fanior da Femac e \u00e0 gest\u00e3o Beto Preto, que sempre deram apoio integral ao projeto e fizeram dele uma prioridade entre as pol\u00edticas p\u00fablicas municipais\u201d, disse. A superintendente da secretaria da Mulher e coordenadora do projeto Bete Berton refor\u00e7ou a responsabilidade de participar de cursos em outros munic\u00edpios. \u201cNosso projeto chega ao quinto ano vendo a rede de mulheres solid\u00e1rias se expandir para al\u00e9m das fronteiras do munic\u00edpio. Isso nos confere uma grande responsabilidade e nos d\u00e1 muito orgulho do trabalho que realizamos em nossa cidade\u201d, concluiu.<br \/>\n<strong>Refer\u00eancia <\/strong>Implantado h\u00e1 cinco anos, o Projeto de Economia Solid\u00e1ria e Protagonismo Feminino, da Prefeitura de Apucarana, j\u00e1 capacitou 859 mulheres, que integram a Rede de Mulheres Solid\u00e1rias. Existem, na cidade, dez pontos de comercializa\u00e7\u00e3o dos empreendimentos econ\u00f4mico-solid\u00e1rios, com produtos na \u00e1rea da gastronomia, artesanato, confec\u00e7\u00e3o e saboaria, entre outros. Recentemente, a economia solid\u00e1ria ganhou o Espa\u00e7o Empreender, situado nas instala\u00e7\u00f5es do antigo Instituto Brasileiro do Caf\u00e9 (IBC), na esquina das ruas Byngton e P\u00e9ricles, na Vila Nova, onde funcionar\u00e1 um centro de treinamentos e oficinas.<\/p>\n","protected":false},"excerpt":{"rendered":"<p>Coopera\u00e7\u00e3o com munic\u00edpio do centro-sul trar\u00e1 visita de 44 empreendedoras econ\u00f4mico-solid\u00e1rias em setembro<\/p>\n","protected":false},"author":4,"featured_media":25174,"comment_status":"closed","ping_status":"open","sticky":false,"template":"","format":"standard","meta":{"footnotes":""},"categories":[24],"tags":[],"class_list":["post-25166","post","type-post","status-publish","format-standard","has-post-thumbnail","hentry","category-noticias"],"acf":[],"_links":{"self":[{"href":"http:\/\/www.apucarana.pr.gov.br\/site\/wp-json\/wp\/v2\/posts\/25166","targetHints":{"allow":["GET"]}}],"collection":[{"href":"http:\/\/www.apucarana.pr.gov.br\/site\/wp-json\/wp\/v2\/posts"}],"about":[{"href":"http:\/\/www.apucarana.pr.gov.br\/site\/wp-json\/wp\/v2\/types\/post"}],"author":[{"embeddable":true,"href":"http:\/\/www.apucarana.pr.gov.br\/site\/wp-json\/wp\/v2\/users\/4"}],"replies":[{"embeddable":true,"href":"http:\/\/www.apucarana.pr.gov.br\/site\/wp-json\/wp\/v2\/comments?post=25166"}],"version-history":[{"count":1,"href":"http:\/\/www.apucarana.pr.gov.br\/site\/wp-json\/wp\/v2\/posts\/25166\/revisions"}],"predecessor-version":[{"id":100302,"href":"http:\/\/www.apucarana.pr.gov.br\/site\/wp-json\/wp\/v2\/posts\/25166\/revisions\/100302"}],"wp:featuredmedia":[{"embeddable":true,"href":"http:\/\/www.apucarana.pr.gov.br\/site\/wp-json\/"}],"wp:attachment":[{"href":"http:\/\/www.apucarana.pr.gov.br\/site\/wp-json\/wp\/v2\/media?parent=25166"}],"wp:term":[{"taxonomy":"category","embeddable":true,"href":"http:\/\/www.apucarana.pr.gov.br\/site\/wp-json\/wp\/v2\/categories?post=25166"},{"taxonomy":"post_tag","embeddable":true,"href":"http:\/\/www.apucarana.pr.gov.br\/site\/wp-json\/wp\/v2\/tags?post=25166"}],"curies":[{"name":"wp","href":"https:\/\/api.w.org\/{rel}","templated":true}]}}