{"id":25158,"date":"2019-07-23T11:55:11","date_gmt":"2019-07-23T14:55:11","guid":{"rendered":"http:\/\/172.16.0.7\/site-antigo\/?p=25158"},"modified":"2024-10-08T09:19:01","modified_gmt":"2024-10-08T12:19:01","slug":"carnaval-dos-animais-encanta-publico-no-teatro-fenix","status":"publish","type":"post","link":"http:\/\/www.apucarana.pr.gov.br\/site\/carnaval-dos-animais-encanta-publico-no-teatro-fenix\/","title":{"rendered":"\u201cCarnaval dos Animais\u201d encanta p\u00fablico no Teatro F\u00eanix"},"content":{"rendered":"<p>A apresenta\u00e7\u00e3o da pe\u00e7a musical Carnaval dos Animais encantou o p\u00fablico formado por adultos e crian\u00e7as que compareceu no Cine Teatro F\u00eanix ontem \u00e0 noite. Foi terceiro espet\u00e1culo que Apucarana recebeu neste m\u00eas numa extens\u00e3o do 39\u00ba Festival de M\u00fasica de Londrina, que termina nesta quinta-feira.<br \/>\nOrquestra de C\u00e2mara, composta por jovens m\u00fasicos de projetos sociais com o patroc\u00ednio da Unopar, teve a reg\u00eancia do americano Glenn Block, com os solistas Allan Manhas e Luiz Guilherme Pozzi, em dois pianos de cauda.<br \/>\nO\u00a0Carnaval dos Animais\u00a0\u00e9 uma pe\u00e7a para dois pianos e orquestra do compositor franc\u00eas Camille Saint-Sa\u00ebns, composta em fevereiro de 1886, quando ele passava f\u00e9rias em uma pequena aldeia na \u00c1ustria.<br \/>\nUma conquista da Secretaria da Promo\u00e7\u00e3o Art\u00edstica, Cultural e Tur\u00edstica da Prefeitura de Apucarana (Promatur), a programa\u00e7\u00e3o extensiva do Festival Internacional de M\u00fasica de Londrina (FML) vem proporcionando ao p\u00fablico apucaranense grandes espet\u00e1culos nos \u00faltimos anos. No dia 13 deste m\u00eas, o Cine Teatro F\u00eanix recebeu a Orquestra Sinf\u00f4nica do Paran\u00e1 e no dia 17 o conjunto de choro \u00c1gua de Moringa, do Rio de Janeiro.<\/p>\n","protected":false},"excerpt":{"rendered":"<p>Foi o terceiro espet\u00e1culo que Apucarana recebeu neste m\u00eas numa extens\u00e3o do 39\u00ba Festival de M\u00fasica de Londrina (Fotos &#8211; Profeta)<\/p>\n","protected":false},"author":4,"featured_media":25159,"comment_status":"closed","ping_status":"open","sticky":false,"template":"","format":"standard","meta":{"footnotes":""},"categories":[24],"tags":[],"class_list":["post-25158","post","type-post","status-publish","format-standard","has-post-thumbnail","hentry","category-noticias"],"acf":[],"_links":{"self":[{"href":"http:\/\/www.apucarana.pr.gov.br\/site\/wp-json\/wp\/v2\/posts\/25158","targetHints":{"allow":["GET"]}}],"collection":[{"href":"http:\/\/www.apucarana.pr.gov.br\/site\/wp-json\/wp\/v2\/posts"}],"about":[{"href":"http:\/\/www.apucarana.pr.gov.br\/site\/wp-json\/wp\/v2\/types\/post"}],"author":[{"embeddable":true,"href":"http:\/\/www.apucarana.pr.gov.br\/site\/wp-json\/wp\/v2\/users\/4"}],"replies":[{"embeddable":true,"href":"http:\/\/www.apucarana.pr.gov.br\/site\/wp-json\/wp\/v2\/comments?post=25158"}],"version-history":[{"count":1,"href":"http:\/\/www.apucarana.pr.gov.br\/site\/wp-json\/wp\/v2\/posts\/25158\/revisions"}],"predecessor-version":[{"id":100303,"href":"http:\/\/www.apucarana.pr.gov.br\/site\/wp-json\/wp\/v2\/posts\/25158\/revisions\/100303"}],"wp:featuredmedia":[{"embeddable":true,"href":"http:\/\/www.apucarana.pr.gov.br\/site\/wp-json\/"}],"wp:attachment":[{"href":"http:\/\/www.apucarana.pr.gov.br\/site\/wp-json\/wp\/v2\/media?parent=25158"}],"wp:term":[{"taxonomy":"category","embeddable":true,"href":"http:\/\/www.apucarana.pr.gov.br\/site\/wp-json\/wp\/v2\/categories?post=25158"},{"taxonomy":"post_tag","embeddable":true,"href":"http:\/\/www.apucarana.pr.gov.br\/site\/wp-json\/wp\/v2\/tags?post=25158"}],"curies":[{"name":"wp","href":"https:\/\/api.w.org\/{rel}","templated":true}]}}