{"id":2515,"date":"2015-01-26T16:52:00","date_gmt":"2015-01-26T16:52:00","guid":{"rendered":"http:\/\/172.16.0.7\/site-antigo\/?p=2515"},"modified":"2024-10-08T09:10:24","modified_gmt":"2024-10-08T12:10:24","slug":"candidatas-ao-miss-terceira-idade-almocam-com-prefeito-beto-preto","status":"publish","type":"post","link":"http:\/\/www.apucarana.pr.gov.br\/site\/candidatas-ao-miss-terceira-idade-almocam-com-prefeito-beto-preto\/","title":{"rendered":"Candidatas ao Miss Terceira Idade almo\u00e7am com prefeito Beto Preto"},"content":{"rendered":"<p><p><span style=\"letter-spacing: -0.02em; line-height: 1.45em; background-color: initial;\">Em meio a ritmo de ensaios, as 19 candidatas do 2\u00ba Miss Apucarana Terceira Idade participaram de um almo\u00e7o com o prefeito Beto Preto e a primeira dama Adriana Goncalves, um momento tamb\u00e9m prestigiado pelo secret\u00e1rio de Governo, S\u00e9rgio Luiz Barroso. A refei\u00e7\u00e3o, oferecida pela Holandeza Choperia e Restaurante, foi uma oportunidade para o prefeito conhecer as participantes do concurso, programado para a pr\u00f3xima sexta-feira (30) como parte das festividades de anivers\u00e1rio da cidade.<\/span><\/p>\n<p>A organiza\u00e7\u00e3o do concurso, a cargo das secretarias de Assist\u00eancia Social e de Promo\u00e7\u00e3o Art\u00edstica, Cultural e Tur\u00edstica de Apucarana, lembra que os ingressos est\u00e3o sendo distribu\u00eddos no Cine Teatro F\u00eanix, entre 9 e 17 horas. Com idades que variam de 60 a 84 anos, as candidatas v\u00e3o desfilar duas vezes. A primeira com fantasia, numa refer\u00eancia ao carnaval, e a segunda, com traje social baseado no figurino do teatro musical Fantasma da &Oacute;pera. <\/p>\n<p>Candidatas do t\u00edtulo Miss Apucarana Terceira Idade 2015:<\/p>\n<p>1.Ana Alves dos Santos &ndash; 74 anos<\/p>\n<p>2.Aparecida Nogueira da Silva &ndash; 67 anos<\/p>\n<p>3.Antonia do Carmo &ndash; 68 anos<\/p>\n<p>4.Diva Ferreira Gravena &ndash; 68 anos<\/p>\n<p>5.Elizabeth de Turma &ndash; 60 anos<\/p>\n<p>6.Ludia Martins Mathias &ndash; 80 anos<\/p>\n<p>7.Luzia Bolonhezi &ndash; 76 anos<\/p>\n<p>8.Maria Aparecida Guisso &ndash; 60 anos<\/p>\n<p>9.Maria Aparecida Rampazo &ndash; 70 anos<\/p>\n<p>10.Maria da Silva Ramos &ndash; 83 anos<\/p>\n<p>11.Maria Dias &ndash; 65 anos<\/p>\n<p>12.Maria Jos\u00e9 Fedre &ndash; 70 anos<\/p>\n<p>13.Maria Jos\u00e9 Gon\u00e7alles &ndash; 64 anos<\/p>\n<p>14.Maria Nilza Silveira dos Santos &ndash; 69 anos<\/p>\n<p>15.Nelci Schemmer &ndash; 65 anos<\/p>\n<p>16.Noemia Domingues &ndash; 61 anos<\/p>\n<p>17.Palmira Fernandes &ndash; 66 anos<\/p>\n<p>18.Tereza de Lurdes Arag\u00e3o &ndash; 74 anos<\/p>\n<p>19.Terezinha Cazagrande &ndash; 64 anos<\/p>\n<p><\/p>\n","protected":false},"excerpt":{"rendered":"<p>Com 19 participantes, concurso acontece na pr&oacute;xima sexta-feira (30), no Cine Teatro F&ecirc;nix<\/p>\n","protected":false},"author":4,"featured_media":0,"comment_status":"closed","ping_status":"closed","sticky":false,"template":"","format":"standard","meta":{"footnotes":""},"categories":[24],"tags":[],"class_list":["post-2515","post","type-post","status-publish","format-standard","hentry","category-noticias"],"acf":[],"_links":{"self":[{"href":"http:\/\/www.apucarana.pr.gov.br\/site\/wp-json\/wp\/v2\/posts\/2515","targetHints":{"allow":["GET"]}}],"collection":[{"href":"http:\/\/www.apucarana.pr.gov.br\/site\/wp-json\/wp\/v2\/posts"}],"about":[{"href":"http:\/\/www.apucarana.pr.gov.br\/site\/wp-json\/wp\/v2\/types\/post"}],"author":[{"embeddable":true,"href":"http:\/\/www.apucarana.pr.gov.br\/site\/wp-json\/wp\/v2\/users\/4"}],"replies":[{"embeddable":true,"href":"http:\/\/www.apucarana.pr.gov.br\/site\/wp-json\/wp\/v2\/comments?post=2515"}],"version-history":[{"count":1,"href":"http:\/\/www.apucarana.pr.gov.br\/site\/wp-json\/wp\/v2\/posts\/2515\/revisions"}],"predecessor-version":[{"id":104364,"href":"http:\/\/www.apucarana.pr.gov.br\/site\/wp-json\/wp\/v2\/posts\/2515\/revisions\/104364"}],"wp:attachment":[{"href":"http:\/\/www.apucarana.pr.gov.br\/site\/wp-json\/wp\/v2\/media?parent=2515"}],"wp:term":[{"taxonomy":"category","embeddable":true,"href":"http:\/\/www.apucarana.pr.gov.br\/site\/wp-json\/wp\/v2\/categories?post=2515"},{"taxonomy":"post_tag","embeddable":true,"href":"http:\/\/www.apucarana.pr.gov.br\/site\/wp-json\/wp\/v2\/tags?post=2515"}],"curies":[{"name":"wp","href":"https:\/\/api.w.org\/{rel}","templated":true}]}}