{"id":2514,"date":"2015-01-26T15:54:59","date_gmt":"2015-01-26T15:54:59","guid":{"rendered":"http:\/\/172.16.0.7\/site-antigo\/?p=2514"},"modified":"2024-10-08T09:10:25","modified_gmt":"2024-10-08T12:10:25","slug":"autarquia-municipal-de-educacao-planeja-ano-letivo-2015","status":"publish","type":"post","link":"http:\/\/www.apucarana.pr.gov.br\/site\/autarquia-municipal-de-educacao-planeja-ano-letivo-2015\/","title":{"rendered":"Autarquia  Municipal de Educa\u00e7\u00e3o planeja ano letivo 2015"},"content":{"rendered":"<p><p>A diretora-presidente da Autarquia Municipal de Educa\u00e7\u00e3o, professora Marli Fernandes, encontra-se reunida, nesta segunda e ter\u00e7a-feira (26 e 27\/01) com membros de sua equipe pedag\u00f3gica, do Centro de Apoio Multidisciplinar Escolar (CAME) e as diretoras, coordenadoras e orientadoras das escolas e CMEIs municipais. O objetivo da reuni\u00e3o, que acontece na ch\u00e1cara Recanto do Sossego, \u00e9 planejar o ano letivo 2015.<\/p>\n<p>Durante os dois dias, segundo Marli, a programa\u00e7\u00e3o contemplar\u00e1 momentos de forma\u00e7\u00e3o continuada, de discuss\u00e3o sobre os principais desafios enfrentados pelas institui\u00e7\u00f5es de ensino e de reflex\u00e3o sobre temas relevantes para a constru\u00e7\u00e3o do Plano Municipal de Educa\u00e7\u00e3o (PME), como o planejamento estrat\u00e9gico e a gest\u00e3o escolar democr\u00e1tica. <\/p>\n<p>&ldquo;A Autarquia Municipal de Educa\u00e7\u00e3o tem buscado trabalhar cada vez mais pr\u00f3xima de suas escolas e esses encontros j\u00e1 est\u00e3o se tornando rotineiros, pois o prefeito Beto Preto e eu acreditamos que nossos educadores precisam ser sempre ouvidos e ter suas opini\u00f5es respeitadas antes da tomada de qualquer decis\u00e3o. Tudo o que for debatido aqui ser\u00e1 posteriormente repassado aos demais professores durante a Semana Pedag\u00f3gica que est\u00e1 agendada a partir de segunda-feira (02\/02)&rdquo;, disse Marli.<\/p>\n<p>O prefeito Beto Preto participou da abertura do encontro e, em seu pronunciamento, fez quest\u00e3o de agradecer aos presentes pelo comprometimento de cada um com o ensino municipal. &ldquo;Se a educa\u00e7\u00e3o apucaranense avan\u00e7ou muito nestes dois \u00faltimos anos, foi gra\u00e7as ao trabalho e a dedica\u00e7\u00e3o de voc\u00eas. E n\u00f3s desejamos ampliar ainda mais nossas a\u00e7\u00f5es em 2015, a fim de construirmos uma educa\u00e7\u00e3o que seja para todos e capaz de proporcionar \u00e0s crian\u00e7as construir um pensar cr\u00edtico e democr\u00e1tico&rdquo;, disse.<\/p>\n<p>Esse ano, conforme o prefeito, os investimentos no setor dever\u00e3o continuar. &ldquo;Quero refor\u00e7ar aqui meu compromisso com a educa\u00e7\u00e3o e dizer que hoje est\u00e3o sendo licitados os projetos de reforma e amplia\u00e7\u00e3o de mais seis escolas que em breve v\u00e3o se somar a um grupo de quatro CMEIs que j\u00e1 est\u00e3o passando por melhorias e uma escola e outros dois CMEIs que est\u00e3o em fase final de constru\u00e7\u00e3o&rdquo;, assegurou.<span> <\/span><\/p>\n<p>O ano letivo 2015 j\u00e1 teve in\u00edcio na \u00faltima semana nos 21 centros municipais de educa\u00e7\u00e3o infantil (CMEIs), enquanto que nas escolas as aulas come\u00e7ar\u00e3o no pr\u00f3ximo dia 09 de fevereiro.<\/p>\n<p><\/p>\n","protected":false},"excerpt":{"rendered":"<p>O ano letivo 2015 j&aacute; teve in&iacute;cio na &uacute;ltima semana nos 21 CMEIs municipais, enquanto que nas escolas as aulas come&ccedil;ar&atilde;o no pr&oacute;ximo dia 09 de fevereiro.<\/p>\n","protected":false},"author":4,"featured_media":0,"comment_status":"closed","ping_status":"closed","sticky":false,"template":"","format":"standard","meta":{"footnotes":""},"categories":[24],"tags":[],"class_list":["post-2514","post","type-post","status-publish","format-standard","hentry","category-noticias"],"acf":[],"_links":{"self":[{"href":"http:\/\/www.apucarana.pr.gov.br\/site\/wp-json\/wp\/v2\/posts\/2514","targetHints":{"allow":["GET"]}}],"collection":[{"href":"http:\/\/www.apucarana.pr.gov.br\/site\/wp-json\/wp\/v2\/posts"}],"about":[{"href":"http:\/\/www.apucarana.pr.gov.br\/site\/wp-json\/wp\/v2\/types\/post"}],"author":[{"embeddable":true,"href":"http:\/\/www.apucarana.pr.gov.br\/site\/wp-json\/wp\/v2\/users\/4"}],"replies":[{"embeddable":true,"href":"http:\/\/www.apucarana.pr.gov.br\/site\/wp-json\/wp\/v2\/comments?post=2514"}],"version-history":[{"count":1,"href":"http:\/\/www.apucarana.pr.gov.br\/site\/wp-json\/wp\/v2\/posts\/2514\/revisions"}],"predecessor-version":[{"id":104365,"href":"http:\/\/www.apucarana.pr.gov.br\/site\/wp-json\/wp\/v2\/posts\/2514\/revisions\/104365"}],"wp:attachment":[{"href":"http:\/\/www.apucarana.pr.gov.br\/site\/wp-json\/wp\/v2\/media?parent=2514"}],"wp:term":[{"taxonomy":"category","embeddable":true,"href":"http:\/\/www.apucarana.pr.gov.br\/site\/wp-json\/wp\/v2\/categories?post=2514"},{"taxonomy":"post_tag","embeddable":true,"href":"http:\/\/www.apucarana.pr.gov.br\/site\/wp-json\/wp\/v2\/tags?post=2514"}],"curies":[{"name":"wp","href":"https:\/\/api.w.org\/{rel}","templated":true}]}}