{"id":2513,"date":"2015-01-26T15:18:00","date_gmt":"2015-01-26T15:18:00","guid":{"rendered":"http:\/\/172.16.0.7\/site-antigo\/?p=2513"},"modified":"2024-10-08T09:10:25","modified_gmt":"2024-10-08T12:10:25","slug":"show-de-vitor-e-vanuti-de-apucarana-lota-praca-rui-barbosa","status":"publish","type":"post","link":"http:\/\/www.apucarana.pr.gov.br\/site\/show-de-vitor-e-vanuti-de-apucarana-lota-praca-rui-barbosa\/","title":{"rendered":"Show de Vitor e Vanuti de Apucarana lota Pra\u00e7a Rui Barbosa"},"content":{"rendered":"<\/p>\n<p><span style=\"letter-spacing: -0.02em; line-height: 1.45em; background-color: initial;\">Mesmo com o tempo inst\u00e1vel, cerca de 10 mil pessoas cantou e dan\u00e7ou com o show de Vitor e Vanuti, ontem \u00e0 noite na Pra\u00e7a Rui Barbosa. A dupla, de Apucarana, abriu a programa\u00e7\u00e3o de shows da festa de anivers\u00e1rio da cidade e apresentou m\u00fasicas autorais e grandes sucessos nacionais.<\/span><\/p>\n<p>Ap\u00f3s 2 horas de apresenta\u00e7\u00e3o, Vitor e Vanuti falaram da emo\u00e7\u00e3o de cantar em casa. &ldquo;Foi demais. O p\u00fablico cantou com a gente do come\u00e7o ao fim. N\u00e3o teve chuva, n\u00e3o teve vento que tirasse esse povo daqui. Sempre tive o sonho em cantar na festa da cidade e hoje ele se realizou&rdquo;, disse Vitor. &ldquo;Foi lindo. Estamos muito felizes. Isso \u00e9 uma realiza\u00e7\u00e3o para n\u00f3s dois&rdquo;, complemente Vanuti. <\/p>\n<p>A programa\u00e7\u00e3o de shows segue hoje com a renomada Banda Metr\u00f3pole subir ao palco. De Maring\u00e1, a banda faz sucesso em todo o centro-sul do pa\u00eds, em variados eventos. A atra\u00e7\u00e3o \u00e9 um presente da TV Tibagi &#8211; ligada \u00e0 Rede Massa de Televis\u00e3o -, \u00e0 popula\u00e7\u00e3o de Apucarana e regi\u00e3o.<\/p>\n<p>Amanh\u00e3, se apresenta o cantor Marciano, que por d\u00e9cadas fez sucesso em todo o Brasil com a dupla &ldquo;Jo\u00e3o Mineiro e Marciano&rdquo;. Com a perda do parceiro, Marciano segue carreira solo e, no anivers\u00e1rio de Apucarana, cantar\u00e1 dezenas de m\u00fasicas que s\u00e3o bastante conhecidas do p\u00fablico. Para esta apresenta\u00e7\u00e3o, a prefeitura vai reservar uma \u00e1rea, com cadeiras, na frente do palco, para receber um p\u00fablico espec\u00edfico. Membros dos 39 Grupos Conviver da Terceira Idade foram convidados e ir\u00e3o assistir ao show com direito a essa acomoda\u00e7\u00e3o.<\/p>\n<p>Para fechar a programa\u00e7\u00e3o em grande estilo, na quarta-feira (28) retornam \u00e0s suas ra\u00edzes C\u00e9sar Menotti &amp;amp; Fabiano, a dupla que cresceu e se criou em Calif\u00f3rnia e Apucarana e que, mais tarde, virou sucesso nacional. Todos os shows t\u00eam in\u00edcio previsto para as 21 horas. O Centro de Alimenta\u00e7\u00e3o, montado em frente \u00e0 Catedral Nossa Senhora de Lourdes, complementa os atrativos para a popula\u00e7\u00e3o participar dos festejos da cidade nestes pr\u00f3ximos 4 dias. <\/p>\n<p><\/p>\n","protected":false},"excerpt":{"rendered":"<p>Hoje &eacute; a vez da renomada Banda Metr&oacute;pole subir ao palco, &agrave;s 21 horas<\/p>\n","protected":false},"author":4,"featured_media":0,"comment_status":"closed","ping_status":"closed","sticky":false,"template":"","format":"standard","meta":{"footnotes":""},"categories":[24],"tags":[],"class_list":["post-2513","post","type-post","status-publish","format-standard","hentry","category-noticias"],"acf":[],"_links":{"self":[{"href":"http:\/\/www.apucarana.pr.gov.br\/site\/wp-json\/wp\/v2\/posts\/2513","targetHints":{"allow":["GET"]}}],"collection":[{"href":"http:\/\/www.apucarana.pr.gov.br\/site\/wp-json\/wp\/v2\/posts"}],"about":[{"href":"http:\/\/www.apucarana.pr.gov.br\/site\/wp-json\/wp\/v2\/types\/post"}],"author":[{"embeddable":true,"href":"http:\/\/www.apucarana.pr.gov.br\/site\/wp-json\/wp\/v2\/users\/4"}],"replies":[{"embeddable":true,"href":"http:\/\/www.apucarana.pr.gov.br\/site\/wp-json\/wp\/v2\/comments?post=2513"}],"version-history":[{"count":1,"href":"http:\/\/www.apucarana.pr.gov.br\/site\/wp-json\/wp\/v2\/posts\/2513\/revisions"}],"predecessor-version":[{"id":104366,"href":"http:\/\/www.apucarana.pr.gov.br\/site\/wp-json\/wp\/v2\/posts\/2513\/revisions\/104366"}],"wp:attachment":[{"href":"http:\/\/www.apucarana.pr.gov.br\/site\/wp-json\/wp\/v2\/media?parent=2513"}],"wp:term":[{"taxonomy":"category","embeddable":true,"href":"http:\/\/www.apucarana.pr.gov.br\/site\/wp-json\/wp\/v2\/categories?post=2513"},{"taxonomy":"post_tag","embeddable":true,"href":"http:\/\/www.apucarana.pr.gov.br\/site\/wp-json\/wp\/v2\/tags?post=2513"}],"curies":[{"name":"wp","href":"https:\/\/api.w.org\/{rel}","templated":true}]}}