{"id":2512,"date":"2015-01-26T12:56:59","date_gmt":"2015-01-26T12:56:59","guid":{"rendered":"http:\/\/172.16.0.7\/site-antigo\/?p=2512"},"modified":"2024-10-08T09:10:25","modified_gmt":"2024-10-08T12:10:25","slug":"prefeito-pede-rigor-e-celeridade-nas-investigacoes-sobre-o-furto-de-passaros-no-parque-das-aves","status":"publish","type":"post","link":"http:\/\/www.apucarana.pr.gov.br\/site\/prefeito-pede-rigor-e-celeridade-nas-investigacoes-sobre-o-furto-de-passaros-no-parque-das-aves\/","title":{"rendered":"Prefeito pede rigor e celeridade nas investiga\u00e7\u00f5es sobre o furto de p\u00e1ssaros no Parque das Aves"},"content":{"rendered":"<p><p>Assim que soube do furto de 214 p\u00e1ssaros no Parque das Aves, ocorrido na madrugada desta segunda-feira (26\/01), o prefeito de Apucarana, Beto Preto, acionou a equipe para tomar as medidas necess\u00e1rias visando a localiza\u00e7\u00e3o e a recupera\u00e7\u00e3o das aves. &ldquo;&Eacute; lament\u00e1vel o que aconteceu. O Parque das Aves \u00e9 um patrim&ocirc;nio natural, no cora\u00e7\u00e3o da cidade, que foi reestruturado e se transformou em refer\u00eancia na recupera\u00e7\u00e3o de aves e outros animais. Imediatamente, ao tomarmos conhecimento, acionamos a Procuradoria Jur\u00eddica do Munic\u00edpio, a Secretaria Municipal de Meio Ambiente e outros setores para tomar todas as provid\u00eancias necess\u00e1rias&rdquo;, relata Beto Preto. <\/p>\n<p>O prefeito afirma ainda que solicitou rigor e celeridade \u00e0s autoridades policiais na investiga\u00e7\u00e3o da ocorr\u00eancia. &ldquo;A maioria das aves \u00e9 do dep\u00f3sito judici\u00e1rio, ou seja, fruto de apreens\u00f5es feitas pela Pol\u00edcia Ambiental e por outros \u00f3rg\u00e3os e que estavam sob os cuidados da Secretaria de Meio Ambiente. &Eacute; um trabalho que estruturamos no Parque das Aves, onde p\u00e1ssaros e animais recebem cuidados especiais at\u00e9 poderem ser devolvidos ao seu habitat natural&rdquo;, explica Beto Preto.<\/p>\n<p>De acordo com o secret\u00e1rio municipal de Meio Ambiente, Ewerton Pires, o furto foi constatado por funcion\u00e1rios na manh\u00e3 desta segunda-feira. Para furtar as aves, os marginais arrebentaram quatro cadeados e uma corrente. &ldquo;&Agrave;s 17 horas de domingo, a bi\u00f3loga fez a contagem e fechou as salas onde estavam as aves e os animais como faz costumeiramente. E nesta segunda-feira, entre \u00e0s 7 e 7h30, os funcion\u00e1rios deram pela falta de p\u00e1ssaros de diversas esp\u00e9cies. Fizemos nova contagem e foi verificado que foram levadas 214 aves de um total de 250 p\u00e1ssaros e animais que haviam no Parque das Aves&rdquo;, detalha. <\/p>\n<p>Segundo Ewerton Pires, n\u00e3o foi levado nenhum animal de exposi\u00e7\u00e3o e somente aves que t\u00eam valor de mercado. &ldquo;S\u00e3o aves que estavam em quarentena ou em reabilita\u00e7\u00e3o. &Eacute; fato que nos chateia e entristece. Eram aves que estavam recebendo uma segunda chance e que, devido a essa a\u00e7\u00e3o criminosa, n\u00e3o ter\u00e3o essa possibilidade. Agora, elas voltar\u00e3o a esse c\u00edrculo pernicioso do tr\u00e1fico de aves&rdquo;, lamenta o secret\u00e1rio municipal de Meio Ambiente. <\/p>\n<p>Ewerton Pires pede a ajuda da popula\u00e7\u00e3o para localizar e recuperar as aves furtadas. &ldquo;Se algu\u00e9m ouvir um piado diferente ou enxergar algu\u00e9m transportando gaiolas com p\u00e1ssaros, denuncie. Pode ligar na Secretaria de Meio Ambiente, nos telefones 3423-0142 ou 8403-4376, ou nos \u00f3rg\u00e3os policiais&rdquo;, solicita, informando ainda que, al\u00e9m do Boletim de Ocorr\u00eancia, o fato foi notificado ao IAP, Ibama e Pol\u00edcia Ambiental.<\/p>\n<p><\/p>\n","protected":false},"excerpt":{"rendered":"<p>Marginais arrebentaram cadeados e levaram 214 p&aacute;ssaros de diversas esp&eacute;cies<\/p>\n","protected":false},"author":4,"featured_media":0,"comment_status":"closed","ping_status":"closed","sticky":false,"template":"","format":"standard","meta":{"footnotes":""},"categories":[24],"tags":[],"class_list":["post-2512","post","type-post","status-publish","format-standard","hentry","category-noticias"],"acf":[],"_links":{"self":[{"href":"http:\/\/www.apucarana.pr.gov.br\/site\/wp-json\/wp\/v2\/posts\/2512","targetHints":{"allow":["GET"]}}],"collection":[{"href":"http:\/\/www.apucarana.pr.gov.br\/site\/wp-json\/wp\/v2\/posts"}],"about":[{"href":"http:\/\/www.apucarana.pr.gov.br\/site\/wp-json\/wp\/v2\/types\/post"}],"author":[{"embeddable":true,"href":"http:\/\/www.apucarana.pr.gov.br\/site\/wp-json\/wp\/v2\/users\/4"}],"replies":[{"embeddable":true,"href":"http:\/\/www.apucarana.pr.gov.br\/site\/wp-json\/wp\/v2\/comments?post=2512"}],"version-history":[{"count":1,"href":"http:\/\/www.apucarana.pr.gov.br\/site\/wp-json\/wp\/v2\/posts\/2512\/revisions"}],"predecessor-version":[{"id":104367,"href":"http:\/\/www.apucarana.pr.gov.br\/site\/wp-json\/wp\/v2\/posts\/2512\/revisions\/104367"}],"wp:attachment":[{"href":"http:\/\/www.apucarana.pr.gov.br\/site\/wp-json\/wp\/v2\/media?parent=2512"}],"wp:term":[{"taxonomy":"category","embeddable":true,"href":"http:\/\/www.apucarana.pr.gov.br\/site\/wp-json\/wp\/v2\/categories?post=2512"},{"taxonomy":"post_tag","embeddable":true,"href":"http:\/\/www.apucarana.pr.gov.br\/site\/wp-json\/wp\/v2\/tags?post=2512"}],"curies":[{"name":"wp","href":"https:\/\/api.w.org\/{rel}","templated":true}]}}