{"id":2511,"date":"2015-01-26T10:52:59","date_gmt":"2015-01-26T10:52:59","guid":{"rendered":"http:\/\/172.16.0.7\/site-antigo\/?p=2511"},"modified":"2024-10-08T09:10:25","modified_gmt":"2024-10-08T12:10:25","slug":"blindado-guarani-sera-atracao-na-praca-rui-barbosa","status":"publish","type":"post","link":"http:\/\/www.apucarana.pr.gov.br\/site\/blindado-guarani-sera-atracao-na-praca-rui-barbosa\/","title":{"rendered":"Blindado Guarani ser\u00e1 atra\u00e7\u00e3o na Pra\u00e7a Rui Barbosa"},"content":{"rendered":"<p><p>A Viatura Blindada de Transporte de Pessoal Guarani, do Ex\u00e9rcito Brasileiro, ser\u00e1 uma das atra\u00e7\u00f5es no anivers\u00e1rio de Apucarana e ficar\u00e1 em exposi\u00e7\u00e3o na Pra\u00e7a Rui Barbosa no dia 28 de janeiro, no per\u00edodo das 9 \u00e0s 20 horas. O pedido foi feito pelo prefeito de Apucarana, Beto Preto, atrav\u00e9s de of\u00edcio e atendido pelo novo comandante do 30\u00ba Batalh\u00e3o de Infantaria Mecanizado (BIMec), tenente-coronel Ricardo Tadeu Fiamoncini.<\/p>\n<p>De acordo com Beto Preto, o 30\u00ba BIMec faz parte da identidade de Apucarana e a exposi\u00e7\u00e3o do ve\u00edculo &ldquo;Guarani&rdquo;, al\u00e9m de contextualizar o atual momento da unidade local do Ex\u00e9rcito, vai remeter \u00e0 trajet\u00f3ria da unidade em Apucarana. &ldquo;Recentemente o 30\u00ba BIMec recebeu as novas viaturas blindadas, um dos marcos no processo de transforma\u00e7\u00e3o da unidade de motorizada para mecanizada&rdquo;, observa Beto Preto. <\/p>\n<p>O &ldquo;Guarani&rdquo; foi desenvolvido pelo Ex\u00e9rcito para substituir os blindados &ldquo;Urutu e Cascavel&rdquo;, que estavam em opera\u00e7\u00e3o h\u00e1 cerca de 40 anos nas For\u00e7as Armadas. A nova viatura \u00e9 destinada a opera\u00e7\u00f5es militares de ataque, defesa, patrulhamento e miss\u00f5es de paz. Com capacidade para 11 homens &ndash; sendo nove combatentes, um atirador e um condutor &ndash;, o blindado Guarani cont\u00e9m, al\u00e9m de ar condicionado, uma s\u00e9rie de inova\u00e7\u00f5es tecnol\u00f3gicas. <\/p>\n<p><\/p>\n","protected":false},"excerpt":{"rendered":"<p>Ve&iacute;culo ficar&aacute; em exposi&ccedil;&atilde;o no dia do anivers&aacute;rio de Apucarana, no per&iacute;odo das 9 &agrave;s 20 horas<\/p>\n","protected":false},"author":4,"featured_media":0,"comment_status":"closed","ping_status":"closed","sticky":false,"template":"","format":"standard","meta":{"footnotes":""},"categories":[24],"tags":[],"class_list":["post-2511","post","type-post","status-publish","format-standard","hentry","category-noticias"],"acf":[],"_links":{"self":[{"href":"http:\/\/www.apucarana.pr.gov.br\/site\/wp-json\/wp\/v2\/posts\/2511","targetHints":{"allow":["GET"]}}],"collection":[{"href":"http:\/\/www.apucarana.pr.gov.br\/site\/wp-json\/wp\/v2\/posts"}],"about":[{"href":"http:\/\/www.apucarana.pr.gov.br\/site\/wp-json\/wp\/v2\/types\/post"}],"author":[{"embeddable":true,"href":"http:\/\/www.apucarana.pr.gov.br\/site\/wp-json\/wp\/v2\/users\/4"}],"replies":[{"embeddable":true,"href":"http:\/\/www.apucarana.pr.gov.br\/site\/wp-json\/wp\/v2\/comments?post=2511"}],"version-history":[{"count":1,"href":"http:\/\/www.apucarana.pr.gov.br\/site\/wp-json\/wp\/v2\/posts\/2511\/revisions"}],"predecessor-version":[{"id":104368,"href":"http:\/\/www.apucarana.pr.gov.br\/site\/wp-json\/wp\/v2\/posts\/2511\/revisions\/104368"}],"wp:attachment":[{"href":"http:\/\/www.apucarana.pr.gov.br\/site\/wp-json\/wp\/v2\/media?parent=2511"}],"wp:term":[{"taxonomy":"category","embeddable":true,"href":"http:\/\/www.apucarana.pr.gov.br\/site\/wp-json\/wp\/v2\/categories?post=2511"},{"taxonomy":"post_tag","embeddable":true,"href":"http:\/\/www.apucarana.pr.gov.br\/site\/wp-json\/wp\/v2\/tags?post=2511"}],"curies":[{"name":"wp","href":"https:\/\/api.w.org\/{rel}","templated":true}]}}