{"id":2510,"date":"2015-01-24T12:18:59","date_gmt":"2015-01-24T12:18:59","guid":{"rendered":"http:\/\/172.16.0.7\/site-antigo\/?p=2510"},"modified":"2024-10-08T09:10:25","modified_gmt":"2024-10-08T12:10:25","slug":"dupla-vitor-e-vanuti-abre-amanha-a-programacao-de-shows-do-aniversario-de-apucarana","status":"publish","type":"post","link":"http:\/\/www.apucarana.pr.gov.br\/site\/dupla-vitor-e-vanuti-abre-amanha-a-programacao-de-shows-do-aniversario-de-apucarana\/","title":{"rendered":"Dupla &#8220;Vitor e Vanuti&#8221; abre amanh\u00e3 a programa\u00e7\u00e3o de shows do anivers\u00e1rio de Apucarana"},"content":{"rendered":"<\/p>\n<table>\n<tbody>\n<tr>\n<td>\n<table>\n<tbody>\n<tr>\n<td>\n<p><span style=\"letter-spacing: -0.02em; line-height: 1.45em; background-color: initial;\">Os quatro dias da programa\u00e7\u00e3o de shows     em comemora\u00e7\u00e3o ao anivers\u00e1rio de Apucarana come\u00e7am amanh\u00e3 (25) com a     apresenta\u00e7\u00e3o da dupla Vitor e Vanuti, que fez grande sucesso em todo o     Pa\u00eds, durante o programa The Voice Brasil, da Rede Globo de Televis\u00e3o, no     qual se classificaram entre os finalistas. No show, Vitor (Apucarana) e     Vanuti (Kalor\u00e9), que j\u00e1 ganharam espa\u00e7o no cen\u00e1rio musical nacional, apresentam     as m\u00fasicas do seu primeiro \u00e1lbum, al\u00e9m de sucessos consagrados do     sertanejo.<\/span><\/p>\n<p>O show come\u00e7a \u00e0s 21 horas na Pra\u00e7a Rui     Barbosa, onde foi montado um palco com estrutura e dimens\u00e3o para apresenta\u00e7\u00f5es     de n\u00edvel nacional. A sua localiza\u00e7\u00e3o, no espa\u00e7o entre as Casas Pernambucanas     e o Banco Ita\u00fa, permite ao p\u00fablico uma boa visualiza\u00e7\u00e3o dos artistas a     partir de toda \u00e1rea frontal e lateral da Catedral Nossa Senhora de Lourdes.     <\/p>\n<p>Na segunda feira (26), \u00e9 a vez de a renomada Banda     Metr\u00f3pole subir ao palco. De Maring\u00e1, a banda faz sucesso em todo o centro-sul     do pa\u00eds, em variados eventos. A atra\u00e7\u00e3o \u00e9 um presente da TV Tibagi &#8211; ligada     \u00e0 Rede Massa de Televis\u00e3o -, \u00e0 popula\u00e7\u00e3o de Apucarana e regi\u00e3o.<\/p>\n<p>Na ter\u00e7a-feira (27), se apresenta o     cantor Marciano, que por d\u00e9cadas fez sucesso em todo o Brasil com a dupla     &ldquo;Jo\u00e3o Mineiro e Marciano&rdquo;. Com a perda do parceiro, Marciano segue carreira     solo e, no anivers\u00e1rio de Apucarana, cantar\u00e1 dezenas de m\u00fasicas que s\u00e3o     bastante conhecidas do p\u00fablico. Para esta apresenta\u00e7\u00e3o, a prefeitura vai     reservar uma \u00e1rea, com cadeiras, na frente do palco, para receber um     p\u00fablico espec\u00edfico. Membros dos 39 Grupos Conviver da Terceira Idade foram     convidados e ir\u00e3o assistir ao show com direito a essa acomoda\u00e7\u00e3o.<\/p>\n<p>Para fechar a programa\u00e7\u00e3o em grande     estilo, na quarta-feira (28) retornam \u00e0s suas ra\u00edzes C\u00e9sar Menotti &amp;amp;     Fabiano, a dupla que cresceu e se criou em Calif\u00f3rnia e Apucarana e que,     mais tarde, virou sucesso nacional. Todos os shows t\u00eam in\u00edcio previsto para     as 21 horas. O Centro de Alimenta\u00e7\u00e3o, montado em frente \u00e0 Catedral Nossa     Senhora de Lourdes, complementa os atrativos para a popula\u00e7\u00e3o participar     dos festejos da cidade nestes pr\u00f3ximos 4 dias. <\/p>\n<p><b>((( QUADRO )))<\/b><\/p>\n<p><b>Shows na Pra\u00e7a Rui Barbosa:<\/b><\/p>\n<p>Domingo, 25\/01, 21 hrs &ndash; Vitor e Vanuti     (The Voice Brasil)<\/p>\n<p>Segunda, 26\/01, 21 hrs &ndash; Banda Metr\u00f3pole     (Maring\u00e1)<\/p>\n<p>Ter\u00e7a, 27\/01, 21 hrs &ndash; Marciano (da     dupla Jo\u00e3o Mineiro e Marciano)<\/p>\n<p>Quarta, 28\/01, 21 hrs &ndash; C\u00e9zar Menotti e     Fabiano<\/p>\n<\/td>\n<\/tr>\n<\/tbody>\n<\/table>\n<\/td>\n<\/tr>\n<\/tbody>\n<\/table>\n<p><\/p>\n","protected":false},"excerpt":{"rendered":"<p>Apresenta&ccedil;&atilde;o come&ccedil;a &agrave;s 21 horas na Pra&ccedil;a Rui Barbosa <\/p>\n","protected":false},"author":4,"featured_media":0,"comment_status":"closed","ping_status":"closed","sticky":false,"template":"","format":"standard","meta":{"footnotes":""},"categories":[24],"tags":[],"class_list":["post-2510","post","type-post","status-publish","format-standard","hentry","category-noticias"],"acf":[],"_links":{"self":[{"href":"http:\/\/www.apucarana.pr.gov.br\/site\/wp-json\/wp\/v2\/posts\/2510","targetHints":{"allow":["GET"]}}],"collection":[{"href":"http:\/\/www.apucarana.pr.gov.br\/site\/wp-json\/wp\/v2\/posts"}],"about":[{"href":"http:\/\/www.apucarana.pr.gov.br\/site\/wp-json\/wp\/v2\/types\/post"}],"author":[{"embeddable":true,"href":"http:\/\/www.apucarana.pr.gov.br\/site\/wp-json\/wp\/v2\/users\/4"}],"replies":[{"embeddable":true,"href":"http:\/\/www.apucarana.pr.gov.br\/site\/wp-json\/wp\/v2\/comments?post=2510"}],"version-history":[{"count":1,"href":"http:\/\/www.apucarana.pr.gov.br\/site\/wp-json\/wp\/v2\/posts\/2510\/revisions"}],"predecessor-version":[{"id":104369,"href":"http:\/\/www.apucarana.pr.gov.br\/site\/wp-json\/wp\/v2\/posts\/2510\/revisions\/104369"}],"wp:attachment":[{"href":"http:\/\/www.apucarana.pr.gov.br\/site\/wp-json\/wp\/v2\/media?parent=2510"}],"wp:term":[{"taxonomy":"category","embeddable":true,"href":"http:\/\/www.apucarana.pr.gov.br\/site\/wp-json\/wp\/v2\/categories?post=2510"},{"taxonomy":"post_tag","embeddable":true,"href":"http:\/\/www.apucarana.pr.gov.br\/site\/wp-json\/wp\/v2\/tags?post=2510"}],"curies":[{"name":"wp","href":"https:\/\/api.w.org\/{rel}","templated":true}]}}