{"id":2509,"date":"2015-01-24T12:06:59","date_gmt":"2015-01-24T12:06:59","guid":{"rendered":"http:\/\/172.16.0.7\/site-antigo\/?p=2509"},"modified":"2024-10-08T09:10:25","modified_gmt":"2024-10-08T12:10:25","slug":"prova-28-de-janeiro-e-lancada-com-recorde-de-inscritos","status":"publish","type":"post","link":"http:\/\/www.apucarana.pr.gov.br\/site\/prova-28-de-janeiro-e-lancada-com-recorde-de-inscritos\/","title":{"rendered":"Prova 28 de Janeiro \u00e9 lan\u00e7ada com recorde de inscritos"},"content":{"rendered":"<p><p><span style=\"letter-spacing: -0.02em; line-height: 1.45em; background-color: initial;\">Reunindo autoridades municipais e grande n\u00famero de atletas da cidade, a Prefeitura lan\u00e7ou oficialmente ontem (23) a 53\u00aa edi\u00e7\u00e3o da Prova Pedestre 28 de Janeiro. A solenidade foi marcada com o an\u00fancio do n\u00famero recorde de 2,4 mil inscritos, somados a 280 participantes na Vinteoitinha.<\/span><\/p>\n<p><span style=\"letter-spacing: -0.02em; line-height: 1.45em; background-color: initial;\">Existem ainda 30 inscritos na Categoria Especial Paraol\u00edmpico, com participantes de v\u00e1rias cidades do Estado. A inclus\u00e3o desta categoria \u00e9 uma inova\u00e7\u00e3o nesta 53\u00aa prova da 28 de Janeiro. O n\u00famero de competidores que tende a subir ainda mais at\u00e9 o encerramento nas inscri\u00e7\u00f5es nesta segunda-feira (26) foi comemorado pelos organizadores, patrocinadores e colaboradores da prova. &ldquo;A 28 de Janeiro \u00e9 a cara da nossa cidade que \u00e9 divulgada nacionalmente a cada edi\u00e7\u00e3o da prova. Apucarana est\u00e1 de bra\u00e7os abertos para receber os participantes de fora, mas os apucaranenses est\u00e3o cada vez mais envolvidos na competi\u00e7\u00e3o. Dos 2,4 mil atletas inscritos 1.018 s\u00e3o de Apucarana&rdquo;, observou Beto Preto.<\/span><\/p>\n<p>Representando o patrocinador oficial da prova, o gerente da Caixa Econ&ocirc;mica Federal em Apucarana, Wilson de Souza, elogiou o n\u00edvel de organiza\u00e7\u00e3o da prova e destacou o grande crescimento no n\u00famero de participantes. &Eacute; um grande evento que temos prazer de manter o patroc\u00ednio ao longo dos anos&rdquo;, declarou.<\/p>\n<p>O secret\u00e1rio de Esportes e Lazer, Paulo Kisner, destacou o empenho da sua equipe em proporcionar um grande evento esportivo \u00e0 popula\u00e7\u00e3o. &ldquo;A cada ano a 28 de Janeiro cresce de dimens\u00e3o e procuramos fazer ajustes que torne a prova ainda melhor para os atletas e para o p\u00fablico. Pensando nisto, por exemplo, alteramos a posi\u00e7\u00e3o do palco para frente da Caixa Econ&ocirc;mica Federal. S\u00e3o pequenas medidas que ajudam na visualiza\u00e7\u00e3o geral no momento da chegada dos corredores&rdquo;, detalha Kisner. <\/p>\n<p>A prova vai acontecer no dia 31 de janeiro, com largada \u00e0s 19 horas, na Pra\u00e7a Rui Barbosa. <span>J\u00e1 a &ldquo;Vinteoitinha&rdquo; &ndash; disputada nas categorias mirim, infantil e juvenil come\u00e7a um pouco antes, \u00e0s 17 horas. <span>Ponto alto dos festejos alusivos aos 71 anos de Apucarana, a prova mais uma vez tem a participa\u00e7\u00e3o confirmada de atletas internacionais. <\/span>As inscri\u00e7\u00f5es podem ser feitas at\u00e9 a pr\u00f3xima segunda-feira (26) no site da prefeitura, <a href=\"http:\/\/www.apucarana.pr.gov.br\/\">www.apucarana.pr.gov.br<\/a>, e custam R$ 40. As inscri\u00e7\u00f5es para a Vinteoitinha, por sua vez, s\u00e3o gratuitas e os interessados devem procurar as lojas da Athletic Sports ou a tamb\u00e9m na Secretaria de Esportes que funciona no Centro da Juventude.<\/span><\/p>\n<p><\/p>\n","protected":false},"excerpt":{"rendered":"<p>Competi&ccedil;&atilde;o j&aacute; tem a participa&ccedil;&atilde;o 2,4 mil atletas, mais 280 na Vinteoitinha e outros 30 na categoria paraol&iacute;mpica <\/p>\n","protected":false},"author":4,"featured_media":0,"comment_status":"closed","ping_status":"closed","sticky":false,"template":"","format":"standard","meta":{"footnotes":""},"categories":[24],"tags":[],"class_list":["post-2509","post","type-post","status-publish","format-standard","hentry","category-noticias"],"acf":[],"_links":{"self":[{"href":"http:\/\/www.apucarana.pr.gov.br\/site\/wp-json\/wp\/v2\/posts\/2509","targetHints":{"allow":["GET"]}}],"collection":[{"href":"http:\/\/www.apucarana.pr.gov.br\/site\/wp-json\/wp\/v2\/posts"}],"about":[{"href":"http:\/\/www.apucarana.pr.gov.br\/site\/wp-json\/wp\/v2\/types\/post"}],"author":[{"embeddable":true,"href":"http:\/\/www.apucarana.pr.gov.br\/site\/wp-json\/wp\/v2\/users\/4"}],"replies":[{"embeddable":true,"href":"http:\/\/www.apucarana.pr.gov.br\/site\/wp-json\/wp\/v2\/comments?post=2509"}],"version-history":[{"count":1,"href":"http:\/\/www.apucarana.pr.gov.br\/site\/wp-json\/wp\/v2\/posts\/2509\/revisions"}],"predecessor-version":[{"id":104370,"href":"http:\/\/www.apucarana.pr.gov.br\/site\/wp-json\/wp\/v2\/posts\/2509\/revisions\/104370"}],"wp:attachment":[{"href":"http:\/\/www.apucarana.pr.gov.br\/site\/wp-json\/wp\/v2\/media?parent=2509"}],"wp:term":[{"taxonomy":"category","embeddable":true,"href":"http:\/\/www.apucarana.pr.gov.br\/site\/wp-json\/wp\/v2\/categories?post=2509"},{"taxonomy":"post_tag","embeddable":true,"href":"http:\/\/www.apucarana.pr.gov.br\/site\/wp-json\/wp\/v2\/tags?post=2509"}],"curies":[{"name":"wp","href":"https:\/\/api.w.org\/{rel}","templated":true}]}}