{"id":2507,"date":"2015-01-24T09:47:00","date_gmt":"2015-01-24T09:47:00","guid":{"rendered":"http:\/\/172.16.0.7\/site-antigo\/?p=2507"},"modified":"2024-10-08T09:10:25","modified_gmt":"2024-10-08T12:10:25","slug":"festa-dos-71-anos-interdita-ruas-no-centro","status":"publish","type":"post","link":"http:\/\/www.apucarana.pr.gov.br\/site\/festa-dos-71-anos-interdita-ruas-no-centro\/","title":{"rendered":"Festa dos 71 anos interdita ruas no centro"},"content":{"rendered":"<p><p><span style=\"letter-spacing: -0.02em; line-height: 1.45em; background-color: initial;\">A partir de hoje (s\u00e1bado), parte da Avenida Curitiba, na Pra\u00e7a Rui Barbosa, e da Rua Os\u00f3rio Ribas de Paula, estar\u00e3o interditadas para o tr\u00e1fego de ve\u00edculos, em decorr\u00eancia da montagem do palco de shows e outros equipamentos, para a realiza\u00e7\u00e3o da festa comemorativa dos 71 anos de Apucarana.<\/span><\/p>\n<p>O an\u00fancio foi feito ontem pelo secret\u00e1rio de Gest\u00e3o P\u00fablica, Nikolai Cernescu Junior, e o comandante da Guarda Municipal, Athaide Pantale\u00e3o. Ambos pediram a compreens\u00e3o de motoristas, comerciantes e consumidores, em rela\u00e7\u00e3o \u00e0 interdi\u00e7\u00e3o destes trechos de vias urbanas.<\/p>\n<p>&ldquo;Estes trechos estar\u00e3o fechados para tr\u00e1fego de ve\u00edculos de domingo a quarta-feira, incluindo dois dias \u00fateis, mas \u00e9 necess\u00e1rio para sediar a estrutura da festa e dos shows&rdquo;, argumenta Cernescu. Segundo ele, o palco tem vinte e dois metros de largura, com doze metros de profundidade e ocupar\u00e1 um amplo espa\u00e7o nas imedia\u00e7\u00f5es das Casas Pernambucanas e Banco Ita\u00fa.<\/p>\n<p>&ldquo;Essas dimens\u00f5es atende a demanda de espa\u00e7o exigida na configura\u00e7\u00e3o de palco da dupla C\u00e9sar Menotti &amp;amp; Fabiano, e com isso n\u00e3o h\u00e1 como adequar essa estrutura com o tr\u00e1fego de ve\u00edculos&rdquo;, explica o secret\u00e1rio, acrescentando que ser\u00e1 preciso fechar uma quadra da Rua Os\u00f3rio Ribas de Paula (ao lado do Ita\u00fa) e duas quadras da Avenida Curitiba em dire\u00e7\u00e3o \u00e0 Pra\u00e7a do redondo.<\/p>\n<p>Athaide Pantale\u00e3o informa que Guardas Municipais estar\u00e3o organizando o tr&acirc;nsito na Pra\u00e7a Rui Barbosa e no cruzamento da Rua Munhoz da Rocha com Rua Coronel Jos\u00e9 Luiz dos Santos. &ldquo;Nesta esquina o sem\u00e1foro dever\u00e1 ficar desligado e a Guarda Municipal ir\u00e1 controlar o fluxo em todos os sentidos&rdquo;, anuncia.<\/p>\n<p>O comandante da GM revela ainda que os dois estacionamentos de ve\u00edculos localizados no trecho interditado da Rua Os\u00f3rio Ribas de Paula poder\u00e3o ser acessados a partir da Rua Munhoz da Rocha.<\/p>\n<p>&ldquo;A proposta do prefeito Beto Preto na festa de anivers\u00e1rio de Apucarana \u00e9 promover shows gratuitos em pra\u00e7a p\u00fablica, num espa\u00e7o de f\u00e1cil acesso a todos apucaranenses&rdquo;, reitera o secret\u00e1rio Nikolai Cernescu Junior.<\/p>\n<p><\/p>\n","protected":false},"excerpt":{"rendered":"<p>Medida foi tomada em decorr&ecirc;ncia da montagem do palco de shows e outros equipamentos, para a realiza&ccedil;&atilde;o da festa comemorativa dos 71 anos de Apucarana<\/p>\n","protected":false},"author":4,"featured_media":0,"comment_status":"closed","ping_status":"closed","sticky":false,"template":"","format":"standard","meta":{"footnotes":""},"categories":[24],"tags":[],"class_list":["post-2507","post","type-post","status-publish","format-standard","hentry","category-noticias"],"acf":[],"_links":{"self":[{"href":"http:\/\/www.apucarana.pr.gov.br\/site\/wp-json\/wp\/v2\/posts\/2507","targetHints":{"allow":["GET"]}}],"collection":[{"href":"http:\/\/www.apucarana.pr.gov.br\/site\/wp-json\/wp\/v2\/posts"}],"about":[{"href":"http:\/\/www.apucarana.pr.gov.br\/site\/wp-json\/wp\/v2\/types\/post"}],"author":[{"embeddable":true,"href":"http:\/\/www.apucarana.pr.gov.br\/site\/wp-json\/wp\/v2\/users\/4"}],"replies":[{"embeddable":true,"href":"http:\/\/www.apucarana.pr.gov.br\/site\/wp-json\/wp\/v2\/comments?post=2507"}],"version-history":[{"count":1,"href":"http:\/\/www.apucarana.pr.gov.br\/site\/wp-json\/wp\/v2\/posts\/2507\/revisions"}],"predecessor-version":[{"id":104372,"href":"http:\/\/www.apucarana.pr.gov.br\/site\/wp-json\/wp\/v2\/posts\/2507\/revisions\/104372"}],"wp:attachment":[{"href":"http:\/\/www.apucarana.pr.gov.br\/site\/wp-json\/wp\/v2\/media?parent=2507"}],"wp:term":[{"taxonomy":"category","embeddable":true,"href":"http:\/\/www.apucarana.pr.gov.br\/site\/wp-json\/wp\/v2\/categories?post=2507"},{"taxonomy":"post_tag","embeddable":true,"href":"http:\/\/www.apucarana.pr.gov.br\/site\/wp-json\/wp\/v2\/tags?post=2507"}],"curies":[{"name":"wp","href":"https:\/\/api.w.org\/{rel}","templated":true}]}}