{"id":2505,"date":"2015-01-21T19:32:00","date_gmt":"2015-01-21T19:32:00","guid":{"rendered":"http:\/\/172.16.0.7\/site-antigo\/?p=2505"},"modified":"2024-10-08T09:10:25","modified_gmt":"2024-10-08T12:10:25","slug":"emenda-parlamentar-garante-construcao-de-posto-de-saude","status":"publish","type":"post","link":"http:\/\/www.apucarana.pr.gov.br\/site\/emenda-parlamentar-garante-construcao-de-posto-de-saude\/","title":{"rendered":"Emenda parlamentar garante constru\u00e7\u00e3o de posto de sa\u00fade"},"content":{"rendered":"<p><p><span style=\"letter-spacing: -0.02em; line-height: 1.45em; background-color: initial;\">O deputado federal Dr. Rosinha (PT) inseriu no or\u00e7amento federal deste ano uma emenda parlamentar no valor de R$ 408 mil para constru\u00e7\u00e3o de um posto de sa\u00fade em Apucarana. A solicita\u00e7\u00e3o do investimento \u00e9 da vereadora Aurita Bertoli. Hoje (21), ela entregou ao prefeito Beto Preto o of\u00edcio que informa a aprova\u00e7\u00e3o da emenda e requer a apresenta\u00e7\u00e3o de projeto para a libera\u00e7\u00e3o do recurso.<\/span><\/p>\n<p>O prefeito Beto comemorou mais essa conquista para \u00e1rea da sa\u00fade e j\u00e1 adiantou que o dinheiro vai ser utilizado na constru\u00e7\u00e3o do posto de sa\u00fade para o Residencial Interlagos. &ldquo;Vamos dar andamento aos tr&acirc;mites burocr\u00e1ticos para que os recursos sejam liberados o quanto antes. Agrade\u00e7o ao deputado Rosinha e a vereadora Aurita que garantiram mais esse investimento para o munic\u00edpio&rdquo;, destacou Beto Preto.<\/p>\n<p><\/p>\n","protected":false},"excerpt":{"rendered":"<p>Recurso de R$ 408 mil foi conquistado atrav&eacute;s do deputado federal Dr. Rosinha<\/p>\n","protected":false},"author":4,"featured_media":0,"comment_status":"closed","ping_status":"closed","sticky":false,"template":"","format":"standard","meta":{"footnotes":""},"categories":[24],"tags":[],"class_list":["post-2505","post","type-post","status-publish","format-standard","hentry","category-noticias"],"acf":[],"_links":{"self":[{"href":"http:\/\/www.apucarana.pr.gov.br\/site\/wp-json\/wp\/v2\/posts\/2505","targetHints":{"allow":["GET"]}}],"collection":[{"href":"http:\/\/www.apucarana.pr.gov.br\/site\/wp-json\/wp\/v2\/posts"}],"about":[{"href":"http:\/\/www.apucarana.pr.gov.br\/site\/wp-json\/wp\/v2\/types\/post"}],"author":[{"embeddable":true,"href":"http:\/\/www.apucarana.pr.gov.br\/site\/wp-json\/wp\/v2\/users\/4"}],"replies":[{"embeddable":true,"href":"http:\/\/www.apucarana.pr.gov.br\/site\/wp-json\/wp\/v2\/comments?post=2505"}],"version-history":[{"count":1,"href":"http:\/\/www.apucarana.pr.gov.br\/site\/wp-json\/wp\/v2\/posts\/2505\/revisions"}],"predecessor-version":[{"id":104374,"href":"http:\/\/www.apucarana.pr.gov.br\/site\/wp-json\/wp\/v2\/posts\/2505\/revisions\/104374"}],"wp:attachment":[{"href":"http:\/\/www.apucarana.pr.gov.br\/site\/wp-json\/wp\/v2\/media?parent=2505"}],"wp:term":[{"taxonomy":"category","embeddable":true,"href":"http:\/\/www.apucarana.pr.gov.br\/site\/wp-json\/wp\/v2\/categories?post=2505"},{"taxonomy":"post_tag","embeddable":true,"href":"http:\/\/www.apucarana.pr.gov.br\/site\/wp-json\/wp\/v2\/tags?post=2505"}],"curies":[{"name":"wp","href":"https:\/\/api.w.org\/{rel}","templated":true}]}}