{"id":2504,"date":"2015-01-21T18:36:59","date_gmt":"2015-01-21T18:36:59","guid":{"rendered":"http:\/\/172.16.0.7\/site-antigo\/?p=2504"},"modified":"2024-10-08T09:10:25","modified_gmt":"2024-10-08T12:10:25","slug":"apucarana-quer-estimular-avicultura","status":"publish","type":"post","link":"http:\/\/www.apucarana.pr.gov.br\/site\/apucarana-quer-estimular-avicultura\/","title":{"rendered":"Apucarana quer estimular avicultura"},"content":{"rendered":"<p><p><span style=\"letter-spacing: -0.02em; line-height: 1.45em; background-color: initial;\">A Prefeitura de Apucarana est\u00e1 iniciando negocia\u00e7\u00f5es com a Cooperativa dos Cafeicultores de Mandaguari (Cocari), visando parcerias para implanta\u00e7\u00e3o de avi\u00e1rios em v\u00e1rias regi\u00f5es rurais do munic\u00edpio. O tema foi discutido em reuni\u00e3o mantida ontem pelo prefeito Beto Preto com Jaime Scardoelle Filho, respons\u00e1vel t\u00e9cnico pela \u00e1rea de Fomento Av\u00edcola da Cocari. Do encontro tamb\u00e9m participaram o ex-deputado Estadual Miltinho P\u00fapio, que mant\u00e9m estreita rela\u00e7\u00e3o com dirigentes da Cocari; e o secret\u00e1rio municipal da Agricultura, Jo\u00e3o do Carmo Fonseca.<\/span><\/p>\n<p>Com a institui\u00e7\u00e3o de lei municipal que permite a parceria da Prefeitura de Apucarana com produtores rurais, para execu\u00e7\u00e3o de obras de terraplanagem e de restaura\u00e7\u00e3o de carreadores, Beto Preto vislumbra a possibilidade de crescimento da avicultura em Apucarana. &ldquo;Trata-se de uma atividade rent\u00e1vel e que pode contribuir de forma significativa no ICMs do Munic\u00edpio&rdquo;, avalia o prefeito.<\/p>\n<p>Scardoelle confirma que a avicultura est\u00e1 crescendo na regi\u00e3o e lembra que, atualmente, a Cocari exporta cortes de aves para R\u00fassia e outros pa\u00edses. &ldquo;Estamos aqui para conversar e estreitar o nossos relacionamento com Apucarana, a pedido do ex-deputado Miltinho P\u00fapio que \u00e9 um entusiasta do agroneg\u00f3cio&rdquo;, afirma o t\u00e9cnico da Cocari.<\/p>\n<p>Ele aproveitou o encontro com o prefeito Beto Preto e o secret\u00e1rio da Agricultura, Jo\u00e3o do Carmo Fonseca, para conhecer mais a respeito do Programa Terra Forte. Conforme pondera o prefeito, no futuro a prefeitura poder\u00e1 at\u00e9 firmar uma parceria com a Cocari, no segmento de agroind\u00fastria, para aproveitar o potencial do setor de fruticultura.<\/p>\n<p>Beto Preto lembrou que o &ldquo;Terra Forte&rdquo; come\u00e7ou em maio de 2013, com o objetivo de diversificar e gerar emprego e renda na agricultura familiar. &ldquo;A \u00e1rea escolhida para investimento foi a fruticultura, com a ades\u00e3o inicial de 110 produtores rurais&rdquo;, informou ele, acrescentando que hoje o programa j\u00e1 agrega 210 cadastrados. De acordo com as regras do programa, nas primeiras colheitas, os participantes do programa ir\u00e3o repassar frutas para a merenda escolar de Apucarana. <\/p>\n<p>Na parceria, os agricultores recebem mudas de frut\u00edferas, calc\u00e1rio e fosfato, al\u00e9m de toda a assist\u00eancia t\u00e9cnica de manejo. J\u00e1 foram plantadas uva r\u00fastica de mesa, uva para vinho, maracuj\u00e1, goiaba e figo. A secretaria da agricultura tamb\u00e9m j\u00e1 tem quase prontas para entrega de mudas de banana e morango, nas pr\u00f3ximas etapas do programa.<\/p>\n<p>Na presen\u00e7a do t\u00e9cnico da Cocari, o prefeito Beto Preto aproveitou a ocasi\u00e3o para assinar mais onze contratos de agricultores que aderiram ao Terra Forte e est\u00e3o recebendo 18 mil mudas de maracuj\u00e1, para dar in\u00edcio \u00e0 cultura. <\/p>\n<p><\/p>\n","protected":false},"excerpt":{"rendered":"<p>Lei municipal prev&ecirc; incentivos para implanta&ccedil;&atilde;o de avi&aacute;rios<\/p>\n","protected":false},"author":4,"featured_media":0,"comment_status":"closed","ping_status":"closed","sticky":false,"template":"","format":"standard","meta":{"footnotes":""},"categories":[24],"tags":[],"class_list":["post-2504","post","type-post","status-publish","format-standard","hentry","category-noticias"],"acf":[],"_links":{"self":[{"href":"http:\/\/www.apucarana.pr.gov.br\/site\/wp-json\/wp\/v2\/posts\/2504","targetHints":{"allow":["GET"]}}],"collection":[{"href":"http:\/\/www.apucarana.pr.gov.br\/site\/wp-json\/wp\/v2\/posts"}],"about":[{"href":"http:\/\/www.apucarana.pr.gov.br\/site\/wp-json\/wp\/v2\/types\/post"}],"author":[{"embeddable":true,"href":"http:\/\/www.apucarana.pr.gov.br\/site\/wp-json\/wp\/v2\/users\/4"}],"replies":[{"embeddable":true,"href":"http:\/\/www.apucarana.pr.gov.br\/site\/wp-json\/wp\/v2\/comments?post=2504"}],"version-history":[{"count":1,"href":"http:\/\/www.apucarana.pr.gov.br\/site\/wp-json\/wp\/v2\/posts\/2504\/revisions"}],"predecessor-version":[{"id":104375,"href":"http:\/\/www.apucarana.pr.gov.br\/site\/wp-json\/wp\/v2\/posts\/2504\/revisions\/104375"}],"wp:attachment":[{"href":"http:\/\/www.apucarana.pr.gov.br\/site\/wp-json\/wp\/v2\/media?parent=2504"}],"wp:term":[{"taxonomy":"category","embeddable":true,"href":"http:\/\/www.apucarana.pr.gov.br\/site\/wp-json\/wp\/v2\/categories?post=2504"},{"taxonomy":"post_tag","embeddable":true,"href":"http:\/\/www.apucarana.pr.gov.br\/site\/wp-json\/wp\/v2\/tags?post=2504"}],"curies":[{"name":"wp","href":"https:\/\/api.w.org\/{rel}","templated":true}]}}