{"id":2503,"date":"2015-01-21T12:38:00","date_gmt":"2015-01-21T12:38:00","guid":{"rendered":"http:\/\/172.16.0.7\/site-antigo\/?p=2503"},"modified":"2024-10-08T09:10:25","modified_gmt":"2024-10-08T12:10:25","slug":"sala-do-empreendedor-faz-declaracoes-gratuitas-do-simples-nacional","status":"publish","type":"post","link":"http:\/\/www.apucarana.pr.gov.br\/site\/sala-do-empreendedor-faz-declaracoes-gratuitas-do-simples-nacional\/","title":{"rendered":"Sala do Empreendedor faz declara\u00e7\u00f5es gratuitas do Simples Nacional"},"content":{"rendered":"<p><p>Os microempreendedores individuais est\u00e3o recebendo todo o suporte, na Sala do Empreendedor de Apucarana, para fazer a Declara\u00e7\u00e3o Anual do Simples Nacional (DASN). A emiss\u00e3o \u00e9 feita pela Internet, mas muitos empreendedores preferem preencher a declara\u00e7\u00e3o com o aux\u00edlio de funcion\u00e1rios da Sala do Empreendedor. Cerca de 10 pessoas, em m\u00e9dia, procuram diariamente pelo servi\u00e7o, que \u00e9 oferecido gratuitamente no espa\u00e7o, localizado na Rua Lapa, ao lado da Prefeitura de Apucarana.<\/p>\n<p>De acordo com o secret\u00e1rio municipal de Ind\u00fastria e Com\u00e9rcio, La\u00e9rcio Costa, a declara\u00e7\u00e3o, que pode ser feita at\u00e9 31 de maio, \u00e9 obrigat\u00f3ria para os empreendedores registrados no Simples Nacional e que faturam at\u00e9 R$ 60 mil por ano. &ldquo;Estamos prestando todo o suporte na Sala do Empreendedor. Para fazer a declara\u00e7\u00e3o \u00e9 necess\u00e1rio o CPF, RG e CNPJ, al\u00e9m do relat\u00f3rio mensal de receitas brutas e as notas fiscais de mercadorias ou servi\u00e7os emitidas&rdquo;, explica La\u00e9rcio Costa, que tamb\u00e9m \u00e9 presidente do <span>Comit\u00ea Gestor Municipal das Micro e Pequenas Empresas.<\/span><\/p>\n<p>Geneci Terezinha Variza Gagstetter, que junto com as duas filhas tem uma loja de roupas na Vila Nova, esteve nesta quarta-feira (21\/01) na Sala do Empreendedor para emitir a declara\u00e7\u00e3o referente ao ano calend\u00e1rio de 2014. &ldquo;Estou sendo auxiliada pela Sala do Empreendedor desde o come\u00e7o. Antes de abrir a loja, h\u00e1 cerca de um ano, vim aqui buscar orienta\u00e7\u00f5es. E, agora, na hora de fazer a declara\u00e7\u00e3o, tamb\u00e9m estou utilizando os servi\u00e7os disponibilizados neste espa\u00e7o. Prefiro fazer a declara\u00e7\u00e3o pessoalmente. Com a ajuda dos funcion\u00e1rios, a gente entende melhor&rdquo;, argumenta a microempreendedora.<\/p>\n<p>Segundo Leandro Damin, gerente da Sala do Empreendedor, embora exista a op\u00e7\u00e3o de fazer a declara\u00e7\u00e3o por conta pr\u00f3pria, pela internet, a maioria ainda prefere fazer o procedimento com o aux\u00edlio de funcion\u00e1rios habituados a preencher os formul\u00e1rios. &ldquo;Elas querem ter confian\u00e7a de que a declara\u00e7\u00e3o est\u00e1 sendo feita da forma correta. Pela internet, as pessoas ficam com receio de informar um valor errado ou de deixar de emitir algum documento ou boleto corretamente&rdquo;, avalia Damin.<\/p>\n<p>Os empres\u00e1rios que n\u00e3o enviarem a DASN, al\u00e9m do pagamento de multa, ficam impedidos de emitir boletos para pagamentos de seus tributos mensais e perdem benef\u00edcios a que t\u00eam direito, como acesso a cr\u00e9dito, cobertura previdenci\u00e1ria, participa\u00e7\u00e3o em licita\u00e7\u00f5es e emiss\u00e3o de notas fiscais. O empreendedor que deseja fazer a declara\u00e7\u00e3o por conta pr\u00f3pria, via internet, deve acessar o site <a href=\"http:\/\/www.portaldoempreendedor.gov.br\/\">www.portaldoempreendedor.gov.br<\/a> e clicar nas op\u00e7\u00f5es MEI\/Declara\u00e7\u00e3o Anual\/DASN-Simei.<\/p>\n<p><\/p>\n","protected":false},"excerpt":{"rendered":"<p>A declara&ccedil;&atilde;o &eacute; obrigat&oacute;ria para empreendedores que faturam at&eacute; R$ 60 mil por ano e deve ser feita at&eacute; 31 de maio <\/p>\n","protected":false},"author":4,"featured_media":0,"comment_status":"closed","ping_status":"closed","sticky":false,"template":"","format":"standard","meta":{"footnotes":""},"categories":[24],"tags":[],"class_list":["post-2503","post","type-post","status-publish","format-standard","hentry","category-noticias"],"acf":[],"_links":{"self":[{"href":"http:\/\/www.apucarana.pr.gov.br\/site\/wp-json\/wp\/v2\/posts\/2503","targetHints":{"allow":["GET"]}}],"collection":[{"href":"http:\/\/www.apucarana.pr.gov.br\/site\/wp-json\/wp\/v2\/posts"}],"about":[{"href":"http:\/\/www.apucarana.pr.gov.br\/site\/wp-json\/wp\/v2\/types\/post"}],"author":[{"embeddable":true,"href":"http:\/\/www.apucarana.pr.gov.br\/site\/wp-json\/wp\/v2\/users\/4"}],"replies":[{"embeddable":true,"href":"http:\/\/www.apucarana.pr.gov.br\/site\/wp-json\/wp\/v2\/comments?post=2503"}],"version-history":[{"count":1,"href":"http:\/\/www.apucarana.pr.gov.br\/site\/wp-json\/wp\/v2\/posts\/2503\/revisions"}],"predecessor-version":[{"id":104376,"href":"http:\/\/www.apucarana.pr.gov.br\/site\/wp-json\/wp\/v2\/posts\/2503\/revisions\/104376"}],"wp:attachment":[{"href":"http:\/\/www.apucarana.pr.gov.br\/site\/wp-json\/wp\/v2\/media?parent=2503"}],"wp:term":[{"taxonomy":"category","embeddable":true,"href":"http:\/\/www.apucarana.pr.gov.br\/site\/wp-json\/wp\/v2\/categories?post=2503"},{"taxonomy":"post_tag","embeddable":true,"href":"http:\/\/www.apucarana.pr.gov.br\/site\/wp-json\/wp\/v2\/tags?post=2503"}],"curies":[{"name":"wp","href":"https:\/\/api.w.org\/{rel}","templated":true}]}}