{"id":2502,"date":"2015-01-20T18:36:00","date_gmt":"2015-01-20T18:36:00","guid":{"rendered":"http:\/\/172.16.0.7\/site-antigo\/?p=2502"},"modified":"2024-10-08T09:10:25","modified_gmt":"2024-10-08T12:10:25","slug":"maurilio-dos-santos-visita-prefeito-beto-beto","status":"publish","type":"post","link":"http:\/\/www.apucarana.pr.gov.br\/site\/maurilio-dos-santos-visita-prefeito-beto-beto\/","title":{"rendered":"Maur\u00edlio dos Santos visita prefeito Beto Beto"},"content":{"rendered":"<p><p><span style=\"letter-spacing: -0.02em; line-height: 1.45em; background-color: initial;\">Eleito no \u00faltimo domingo, o novo prefeito de Cambira, Maur\u00edlio dos Santos, visitou hoje (20) o prefeito Beto Preto para agradecer e reiterar seu posicionamento de manter a estreita aproxima\u00e7\u00e3o entre as duas gest\u00f5es. &ldquo;Quero agradecer o apoio que recebi do prefeito Beto Preto nos dois anos do mandato que exerci interinamente entre janeiro de 2013 e dezembro de 2014, bem como \u00e0 minha candidatura ao pleito que me elegeu no \u00faltimo domingo&rdquo;, disse Santos.<\/span><\/p>\n<p>Com data para reassumir a prefeitura no dia 6 de fevereiro, Maur\u00edlio destacou a parceria entre os dois munic\u00edpios e convidou Beto Preto para sua posse. &ldquo;Apucarana e Cambira s\u00e3o cidades irm\u00e3s. O que \u00e9 bom para um munic\u00edpio e bom para o outro. Precisamos pensar e se comportar como regi\u00e3o. Nos dois anos em que Maur\u00edlio ocupou o cargo de prefeito j\u00e1 fomos parceiros em muitas iniciativas&rdquo;, destacou Beto Preto.<\/p>\n<p>&ldquo;Que Deus aben\u00e7oe Maur\u00edlio e seu vice Francisco Tomazi para que realizem uma gest\u00e3o voltada a atender aos anseios da comunidade, em especial nas \u00e1reas da sa\u00fade, educa\u00e7\u00e3o, gera\u00e7\u00e3o de emprego e agricultura. Parab\u00e9ns pela elei\u00e7\u00e3o e fa\u00e7am um excelente mandato&rdquo;, desejou Beto Preto, mencionado da estreita liga\u00e7\u00e3o que mant\u00e9m com Cambira. &ldquo;Trabalhei como m\u00e9dico em Cambira na \u00e9poca do prefeito Jos\u00e9 Decinio Cataneo, o &ldquo;Binha&rdquo;. Ele abriu as portas para mim num momento em que precisava. Atualmente, a diretora administrativa do Cisvir, Joana Darc Priviatti, \u00e9 de Cambira&rdquo;, mencionou.<\/p>\n<p><\/p>\n","protected":false},"excerpt":{"rendered":"<p>Prefeito eleito de Cambira veio agradecer o apoio do chefe do executivo de Apucarana<\/p>\n","protected":false},"author":4,"featured_media":0,"comment_status":"closed","ping_status":"closed","sticky":false,"template":"","format":"standard","meta":{"footnotes":""},"categories":[24],"tags":[],"class_list":["post-2502","post","type-post","status-publish","format-standard","hentry","category-noticias"],"acf":[],"_links":{"self":[{"href":"http:\/\/www.apucarana.pr.gov.br\/site\/wp-json\/wp\/v2\/posts\/2502","targetHints":{"allow":["GET"]}}],"collection":[{"href":"http:\/\/www.apucarana.pr.gov.br\/site\/wp-json\/wp\/v2\/posts"}],"about":[{"href":"http:\/\/www.apucarana.pr.gov.br\/site\/wp-json\/wp\/v2\/types\/post"}],"author":[{"embeddable":true,"href":"http:\/\/www.apucarana.pr.gov.br\/site\/wp-json\/wp\/v2\/users\/4"}],"replies":[{"embeddable":true,"href":"http:\/\/www.apucarana.pr.gov.br\/site\/wp-json\/wp\/v2\/comments?post=2502"}],"version-history":[{"count":1,"href":"http:\/\/www.apucarana.pr.gov.br\/site\/wp-json\/wp\/v2\/posts\/2502\/revisions"}],"predecessor-version":[{"id":104377,"href":"http:\/\/www.apucarana.pr.gov.br\/site\/wp-json\/wp\/v2\/posts\/2502\/revisions\/104377"}],"wp:attachment":[{"href":"http:\/\/www.apucarana.pr.gov.br\/site\/wp-json\/wp\/v2\/media?parent=2502"}],"wp:term":[{"taxonomy":"category","embeddable":true,"href":"http:\/\/www.apucarana.pr.gov.br\/site\/wp-json\/wp\/v2\/categories?post=2502"},{"taxonomy":"post_tag","embeddable":true,"href":"http:\/\/www.apucarana.pr.gov.br\/site\/wp-json\/wp\/v2\/tags?post=2502"}],"curies":[{"name":"wp","href":"https:\/\/api.w.org\/{rel}","templated":true}]}}