{"id":2501,"date":"2015-01-20T16:21:00","date_gmt":"2015-01-20T16:21:00","guid":{"rendered":"http:\/\/172.16.0.7\/site-antigo\/?p=2501"},"modified":"2024-10-08T09:10:25","modified_gmt":"2024-10-08T12:10:25","slug":"missa-sertaneja-celebra-aniversario-da-cidade","status":"publish","type":"post","link":"http:\/\/www.apucarana.pr.gov.br\/site\/missa-sertaneja-celebra-aniversario-da-cidade\/","title":{"rendered":"Missa sertaneja celebra anivers\u00e1rio da cidade"},"content":{"rendered":"<p><p><span style=\"letter-spacing: -0.02em; line-height: 1.45em; background-color: initial;\">A Diaconia S\u00e3o Francisco de Assis promover\u00e1 no dia 28 de janeiro a 3\u00aa missa sertaneja em A\u00e7\u00e3o de Gra\u00e7as pelos 71 anos de Apucarana. A celebra\u00e7\u00e3o vai ocorrer \u00e0s 17 horas, no Parque Ecol\u00f3gico S\u00e3o Francisco de Assis, localizado dentro da \u00e1rea do Parque Bigua\u00e7u. Detalhes do evento foram divulgados nesta ter\u00e7a-feira (20\/01), em entrevista coletiva \u00e0 imprensa, concedida pelo vice-prefeito, Sebasti\u00e3o Ferreira Martins Junior (Junior da Femac), por membros da diaconia e pelo coordenador municipal de turismo religioso, M\u00e1rio Felipe.<\/span><\/p>\n<p>Junior da Femac lembra que S\u00e3o Francisco de Assis \u00e9 o padroeiro da ecologia e que Apucarana possui uma natureza privilegiada. &ldquo;Temos aqui um conjunto de colinas e muitas nascentes. H\u00e1 ainda o encontro da mata atl&acirc;ntica com as arauc\u00e1rias, al\u00e9m de uma s\u00e9rie de outros atrativos naturais. Por isso, nada mais justo do que render homenagem a essa natureza exuberante com uma missa no Parque S\u00e3o Francisco de Assis, perto do Ribeir\u00e3o Bigua\u00e7u&rdquo;, frisa Junior da Femac.<\/p>\n<p>De acordo com o vice-prefeito, a missa aliar\u00e1 a religiosidade com aspectos culturais. &ldquo;A raiz do nosso povo \u00e9 essencialmente sertaneja. A missa ser\u00e1 celebrada nesse ambiente maravilhoso, em meio a um espa\u00e7o verde, resgatando as tradi\u00e7\u00f5es e despertando cada vez mais a f\u00e9 e a religiosidade do nosso povo&rdquo;, destaca Junior da Femac, lembrando que outras celebra\u00e7\u00f5es religiosas integram a programa\u00e7\u00e3o de anivers\u00e1rio da cidade. &ldquo;No dia 1\u00ba de fevereiro, \u00e0s 19h30, haver\u00e1 uma missa em a\u00e7\u00e3o de gra\u00e7as pelos 71 anos de Apucarana na Catedral Nossa Senhora de Lourdes. Tamb\u00e9m h\u00e1 v\u00e1rios cultos programados em homenagem ao anivers\u00e1rio de Apucarana&rdquo;, completa. <\/p>\n<p>Segundo M\u00e1rio Felipe, coordenador municipal de turismo religioso, a missa sertaneja ser\u00e1 presidida pelo padre Jefferson Nogueira da Mata. &ldquo;&Eacute; um ambiente idealizado para as fam\u00edlias, onde as crian\u00e7as e os participantes poder\u00e3o ver a gruta, a \u00e1gua e o espa\u00e7o verde. A missa ser\u00e1 animada pelo Coral Vozes da Terra, tendo ainda a participa\u00e7\u00e3o do Grupo de Catireiros da Par\u00f3quia Cristo Sacerdote&rdquo;, cita M\u00e1rio Felipe.<\/p>\n<p>Ot\u00edlia Brizola Siqueira, coordenadora da Diaconia S\u00e3o Francisco de Assis, informa que o parque fica na Rua Cl\u00f3vis da Fonseca, esquina com a Rua Bandeirantes (ao lado da capela da Diaconia). &ldquo;O parque \u00e9 um espa\u00e7o que a comunidade assumiu para cuidar. Al\u00e9m da limpeza, h\u00e1 um cuidado especial com as flores e as placas. &Eacute; um lugar que tem tudo a ver com S\u00e3o Francisco de Assis, que \u00e9 o padroeiro da ecologia&rdquo;, pontua.<\/p>\n<p><\/p>\n","protected":false},"excerpt":{"rendered":"<p>Evento religioso ser&aacute; promovido pela Diaconia S&atilde;o Francisco de Assis, no dia 28 de janeiro <\/p>\n","protected":false},"author":4,"featured_media":0,"comment_status":"closed","ping_status":"closed","sticky":false,"template":"","format":"standard","meta":{"footnotes":""},"categories":[24],"tags":[],"class_list":["post-2501","post","type-post","status-publish","format-standard","hentry","category-noticias"],"acf":[],"_links":{"self":[{"href":"http:\/\/www.apucarana.pr.gov.br\/site\/wp-json\/wp\/v2\/posts\/2501","targetHints":{"allow":["GET"]}}],"collection":[{"href":"http:\/\/www.apucarana.pr.gov.br\/site\/wp-json\/wp\/v2\/posts"}],"about":[{"href":"http:\/\/www.apucarana.pr.gov.br\/site\/wp-json\/wp\/v2\/types\/post"}],"author":[{"embeddable":true,"href":"http:\/\/www.apucarana.pr.gov.br\/site\/wp-json\/wp\/v2\/users\/4"}],"replies":[{"embeddable":true,"href":"http:\/\/www.apucarana.pr.gov.br\/site\/wp-json\/wp\/v2\/comments?post=2501"}],"version-history":[{"count":1,"href":"http:\/\/www.apucarana.pr.gov.br\/site\/wp-json\/wp\/v2\/posts\/2501\/revisions"}],"predecessor-version":[{"id":104378,"href":"http:\/\/www.apucarana.pr.gov.br\/site\/wp-json\/wp\/v2\/posts\/2501\/revisions\/104378"}],"wp:attachment":[{"href":"http:\/\/www.apucarana.pr.gov.br\/site\/wp-json\/wp\/v2\/media?parent=2501"}],"wp:term":[{"taxonomy":"category","embeddable":true,"href":"http:\/\/www.apucarana.pr.gov.br\/site\/wp-json\/wp\/v2\/categories?post=2501"},{"taxonomy":"post_tag","embeddable":true,"href":"http:\/\/www.apucarana.pr.gov.br\/site\/wp-json\/wp\/v2\/tags?post=2501"}],"curies":[{"name":"wp","href":"https:\/\/api.w.org\/{rel}","templated":true}]}}