{"id":2500,"date":"2015-01-20T11:39:59","date_gmt":"2015-01-20T11:39:59","guid":{"rendered":"http:\/\/172.16.0.7\/site-antigo\/?p=2500"},"modified":"2024-10-08T09:10:25","modified_gmt":"2024-10-08T12:10:25","slug":"prova-pedestre-28-de-janeiro-ja-tem-mais-de-2-mil-atletas-inscritos","status":"publish","type":"post","link":"http:\/\/www.apucarana.pr.gov.br\/site\/prova-pedestre-28-de-janeiro-ja-tem-mais-de-2-mil-atletas-inscritos\/","title":{"rendered":"Prova Pedestre 28 de Janeiro j\u00e1 tem mais de 2 mil atletas inscritos"},"content":{"rendered":"<p><p>A 53\u00aa Edi\u00e7\u00e3o da Prova pedestre 28 de Janeiro j\u00e1 ultrapassou as 2 mil inscri\u00e7\u00f5es nas provas de 5 e 10 quil&ocirc;metros. A corrida ser\u00e1 disputada no dia 31 de janeiro, com largada \u00e0s 20 horas de frente da Caixa Econ&ocirc;mica Federal. J\u00e1 a &ldquo;Vinteoitinha&rdquo; &ndash; disputada nas categorias mirim, infantil e juvenil &#8211; tem mais de 250 atletas inscritos e a largada acontece um pouco antes, \u00e0s 17 horas.<\/p>\n<p>O balan\u00e7o foi feito nesta ter\u00e7a-feira (20\/01) pelo secret\u00e1rio municipal de Esportes e Lazer, Paulo Kisner (Paul\u00e3o). &ldquo;As inscri\u00e7\u00f5es para a Vinteoitinha s\u00e3o gratuitas e podem estar fazendo as suas inscri\u00e7\u00f5es nas lojas da Athletic Sports e tamb\u00e9m na Secretaria de Esportes que funciona no Centro da Juventude. J\u00e1 na categoria adulto, as inscri\u00e7\u00f5es s\u00e3o feitas somente no site da prefeitura, no endere\u00e7o <a href=\"http:\/\/www.apucarana.pr.gov.pr\/\">www.apucarana.pr.gov.pr<\/a>, e custam R$ 40&rdquo;, detalha Paul\u00e3o.<\/p>\n<p>O prefeito de Apucarana, Beto Preto, comentou o n\u00famero de inscri\u00e7\u00f5es e afirmou que a expectativa \u00e9 bater o recorde de anos anteriores. &ldquo;A Prova Pedestre 28 de Janeiro \u00e9 o ponto alto dos festejos alusivos aos 71 anos de Apucarana. Atletas internacionais e de v\u00e1rias partes do pa\u00eds participar\u00e3o da prova. Mais uma vez vamos estar de bra\u00e7os abertos para receber tanto os atletas consagrados quanto os corredores an&ocirc;nimos&rdquo;, frisa Beto Preto. <\/p>\n<p>A Prova Pedestre 28 de Janeiro ter\u00e1 neste ano novamente a participa\u00e7\u00e3o de atletas africanos, que v\u00e3o correr pela equipe do Coquinho\/ Fila\/Caixa. <span>O queniano Edwin Kipsang Rotich, duas vezes campe\u00e3o da S\u00e3o Silvestre, e o tanzaniano Fabiano Joseph Naasi, que ficou em terceiro lugar na S\u00e3o Silvestre do ano passado, j\u00e1 confirmaram presen\u00e7a na &ldquo;28 de Janeiro&rdquo;.<\/span><\/p>\n<p>O secret\u00e1rio Paul\u00e3o destaca ainda que v\u00e1rios atletas brasileiros de ponta, no feminino e masculino, j\u00e1 confirmaram presen\u00e7a. Confira as principais atra\u00e7\u00f5es:<\/p>\n<p><b>Jaciane Barroso Ara\u00fajo<\/b> &#8211; a atleta do cruzeiro de Belo Horizonte foi, em 2014, campe\u00e3 da corrida em Itu e meia maratona de Campinas, terceiro colocado Brasileiro de Cross e sul-americano de Cross, no Paraguai. Em 2013, foi terceira na S\u00e3o Silvestre.<\/p>\n<p><b>Anderson de Souza Cruz<\/b> &#8211; corre pela equipe Arpa Smel, de S\u00e3o Jos\u00e9 do Rio Preto. Em 2014, foi o 1\u00aa colocado nas provas ecocross de Bras\u00edlia, Bora Viver em Campinas, Formosa de S\u00e3o Paulo, dos Advogados de Bras\u00edlia e 37\u00aa colocado na S\u00e3o Silvestre. <\/p>\n<p><b>Cosme Anselmo de Souza<\/b> &#8211; em 2014, foi 1\u00aa na corrida dos Sargentos do Rio de janeiro e corrida sargentos de Gonzaguinha, ficou na 10\u00aa coloca\u00e7\u00e3o na Maratona de Mil\u00e3o na It\u00e1lia e em 5\u00ba no Circuito Caixa de Porto Alegre e em Macei\u00f3. <\/p>\n<p><b>Altobeli Santos da Silva<\/b> &#8211; em 2014, ficou em 1\u00ba no Campeonato Estadual de S\u00e3o Paulo, venceu todas as sete etapas do 1\u00ba Circuito Bradesco. Ficou ainda em 3\u00ba na corrida Eu Atleta do Rio de Janeiro e em 2013 foi o 1\u00ba colocado da Meia Maratona do Rio de janeiro. <\/p>\n<p><b>Vinicius Ferreira da Cruz<\/b> &ndash; corre pela Equipe Coquinho\/Fila\/Caixa. Ficou em 2\u00ba no Circuito Caixa, disputado em Curitiba. <\/p>\n<p><b>Wellington Bezerra da Silva<\/b> &#8211; Em 2014, venceu a Corrida Bom Jesus de Cuiab\u00e1, o Sul Americano de Cross Country no Paraguai e a corrida Internacional de Reis em Bras\u00edlia. Ficou ainda em 18\u00ba na Prova S\u00e3o Silvestre e, em 2013, subiu o p\u00f3dio ficando em 3\u00ba na S\u00e3o Silvestre.<\/p>\n<p><b>DESTAQUES DE APUCARANA &#8211;<\/b> Josiane Bolonhesi \u00e9 atleta especialista em triathlon e ironman. J\u00e1 Lourdes Maria de Jesus Oliveira venceu varias etapas do circuito do Sesc Provas Santo Trevisan e corre pela equipe P\u00e9 Vermelho. No masculino, os destaques s\u00e3o Davi Vital e Ros&acirc;ngelo Paulo Souza, da Secretaria Municipal de Esportes e Lazer de Apucarana. <\/p>\n<p><b>PATROCINADORES &#8211;<\/b> O secret\u00e1rio municipal de Esportes e Lazer, Paulo Kisner(Paulao), afirma que sem o apoio do prefeito e dos patrocinadores n\u00e3o seria poss\u00edvel a realiza\u00e7\u00e3o deste evento. Est\u00e3o juntos nesta edi\u00e7\u00e3o da prova a Caixa Econ&ocirc;mica Federal, Athletic Sports, Nos Brasil energ\u00e9tico, Unimed, ACIA, Unicesumar, Fap, Rede de R\u00e1dios, Coliseum Centro de Artes Marciais, Extra A\u00e7a\u00ed, Rede Massa, Sanepar, Baterias Eletran, Oficina do Corpo, Supermercado Can\u00e7\u00e3o, Multividros Bateria Scarp e Dias Couro. <\/p>\n<p><b>VENCEDORES DE 2014 &#8211;<\/b> Na 52\u00aa edi\u00e7\u00e3o da Prova 28 de Janeiro , o campe\u00e3o foi o atleta da Eti\u00f3pia Fikadu Seboka Dinbuishe (Coquinho\/Fila\/Caixa) e no feminino a vit\u00f3ria foi da brasileira Joziane da Silva Cardoso (P\u00e9 de Vento\/Caixa), de Nova Santa B\u00e1rbara (PR). J\u00e1 no percurso de 5 quil&ocirc;metros, o campe\u00e3o foi Francisco de Souza, enquanto no feminino a campe\u00e3 foi Caroline Martins Alcamim.<\/p>\n<p><\/p>\n","protected":false},"excerpt":{"rendered":"<p>A corrida ser&aacute; disputada no dia 31 de janeiro, na categoria adulto e &quot;Vinteoitinha&quot;<\/p>\n","protected":false},"author":4,"featured_media":0,"comment_status":"closed","ping_status":"closed","sticky":false,"template":"","format":"standard","meta":{"footnotes":""},"categories":[24],"tags":[],"class_list":["post-2500","post","type-post","status-publish","format-standard","hentry","category-noticias"],"acf":[],"_links":{"self":[{"href":"http:\/\/www.apucarana.pr.gov.br\/site\/wp-json\/wp\/v2\/posts\/2500","targetHints":{"allow":["GET"]}}],"collection":[{"href":"http:\/\/www.apucarana.pr.gov.br\/site\/wp-json\/wp\/v2\/posts"}],"about":[{"href":"http:\/\/www.apucarana.pr.gov.br\/site\/wp-json\/wp\/v2\/types\/post"}],"author":[{"embeddable":true,"href":"http:\/\/www.apucarana.pr.gov.br\/site\/wp-json\/wp\/v2\/users\/4"}],"replies":[{"embeddable":true,"href":"http:\/\/www.apucarana.pr.gov.br\/site\/wp-json\/wp\/v2\/comments?post=2500"}],"version-history":[{"count":1,"href":"http:\/\/www.apucarana.pr.gov.br\/site\/wp-json\/wp\/v2\/posts\/2500\/revisions"}],"predecessor-version":[{"id":104379,"href":"http:\/\/www.apucarana.pr.gov.br\/site\/wp-json\/wp\/v2\/posts\/2500\/revisions\/104379"}],"wp:attachment":[{"href":"http:\/\/www.apucarana.pr.gov.br\/site\/wp-json\/wp\/v2\/media?parent=2500"}],"wp:term":[{"taxonomy":"category","embeddable":true,"href":"http:\/\/www.apucarana.pr.gov.br\/site\/wp-json\/wp\/v2\/categories?post=2500"},{"taxonomy":"post_tag","embeddable":true,"href":"http:\/\/www.apucarana.pr.gov.br\/site\/wp-json\/wp\/v2\/tags?post=2500"}],"curies":[{"name":"wp","href":"https:\/\/api.w.org\/{rel}","templated":true}]}}