{"id":2499,"date":"2015-01-19T19:03:59","date_gmt":"2015-01-19T19:03:59","guid":{"rendered":"http:\/\/172.16.0.7\/site-antigo\/?p=2499"},"modified":"2024-10-08T09:10:25","modified_gmt":"2024-10-08T12:10:25","slug":"barroso-assume-secretaria-de-governo-em-evento-concorrido","status":"publish","type":"post","link":"http:\/\/www.apucarana.pr.gov.br\/site\/barroso-assume-secretaria-de-governo-em-evento-concorrido\/","title":{"rendered":"Barroso assume Secretaria de  Governo em evento concorrido"},"content":{"rendered":"<p><p><span style=\"letter-spacing: -0.02em; line-height: 1.45em; background-color: initial;\">Em solenidade bastante concorrida, prestigiada por autoridades das esferas municipal, estadual, representantes do judici\u00e1rio e da pol\u00edcia civil e militar, al\u00e9m de empres\u00e1rios, o prefeito Beto Preto empossou hoje (19) o novo secret\u00e1rio de Governo do munic\u00edpio, o ex-delegado e advogado S\u00e9rgio Luiz Barroso. O cargo estava vago h\u00e1 9 meses, quando o tamb\u00e9m advogado Petr&ocirc;nio Cardoso saiu para voltar a ocupar a procuradoria jur\u00eddica da C&acirc;mara Municipal.<\/span><span style=\"letter-spacing: -0.02em; line-height: 1.45em; background-color: initial;\">O prefeito Beto Preto fez quest\u00e3o de registrar seu agradecimento ao per\u00edodo de um ano e tr\u00eas meses em que Petr&ocirc;nio ficou \u00e0 frente da pasta. &ldquo;Mas agora estamos inaugurando uma nova etapa e dando uma nova din&acirc;mica na gest\u00e3o municipal. Barroso \u00e9 sin&ocirc;nimo de credibilidade por onde passa e vai me ajudar muito a conduzir a prefeitura. Estamos passando por um momento de crescimento real no munic\u00edpio. Quero te agradecer por aceitar fazer parte da nossa equipe&rdquo;, destacou Beto Preto.<\/span><\/p>\n<p>O vice-prefeito J\u00fanior da Femac lembrou a experi\u00eancia de Barroso no &acirc;mbito do legislativo e executivo. &ldquo;Barroso \u00e9 uma pessoa que goza da confian\u00e7a do prefeito Beto Preto, da minha, e das nossas fam\u00edlias. Sua capacidade de dialogar, aliado ao conhecimento da hist\u00f3ria e da realidade de Apucarana vai com certeza auxiliar o prefeito Beto Preto de maneira exemplar&rdquo;, afirmou J\u00fanior da Femac.<\/p>\n<p>Manifestando sua satisfa\u00e7\u00e3o de voltar a atuar profissionalmente na sua terra natal, Barroso agradeceu a confian\u00e7a depositada por Beto Preto em seu nome. &ldquo;Vou procurar retribuir com muito trabalho e ajudar a grande administra\u00e7\u00e3o que ele tem feito. Sua gest\u00e3o tem conseguido manter o equil\u00edbrio financeiro e fazer grandes investimentos. Quero participar e colaborar com esse desenvolvimento. Como servidor p\u00fablico, estou \u00e0 disposi\u00e7\u00e3o da popula\u00e7\u00e3o desta cidade que amo&rdquo;, enfatizou Barroso. <\/p>\n<p>A qualifica\u00e7\u00e3o de Barroso para o cargo tamb\u00e9m foi mencionada na fala do representante do poder judici\u00e1rio, o diretor do F\u00f3rum Desembargador Clot\u00e1rio Portugal, juiz Oswaldo Soares Neto.&ldquo;Extremamente respeitado e competente, Barroso vem emprestar seu nome \u00e0 administra\u00e7\u00e3o p\u00fablica e Apucarana ganha muito com isso&rdquo;, disse o magistrado. O representante da C&acirc;mara Municipal Luiz Magalh\u00e3es conduziu seu discurso no mesmo tom: &ldquo;Barroso \u00e9 um dos melhores nomes da gest\u00e3o do prefeito Beto Preto. J\u00e1 atuou como vereador e com certeza tamb\u00e9m \u00e9 um grande ganho na rela\u00e7\u00e3o do legislativo com o executivo&rdquo;, observou.<\/p>\n<p>Natural de Apucarana, 52 anos, casado com a professora Shirlene, pai de tr\u00eas filhos universit\u00e1rios. &Eacute; graduado em Administra\u00e7\u00e3o de empresas e Direito, p\u00f3s-graduado em Gest\u00e3o de Seguran\u00e7a P\u00fablica.<\/p>\n<p>Em Apucarana atuou como coordenador municipal da merenda escolar, Secret\u00e1rio Municipal de Educa\u00e7\u00e3o e Cultura e exerceu mandato de vereador na legislatura de 1989\/1992. Foi professor no Col\u00e9gio S\u00e3o Jos\u00e9 e tamb\u00e9m nas escolas estaduais Polivalente, Cer\u00e1volo e Anchieta. &Eacute; professor licenciado de Direito Penal, na Universidade Filad\u00e9lfia (UNIFIL-Londrina).<\/p>\n<p>At\u00e9 recentemente era delegado de carreira da Pol\u00edcia Civil do Paran\u00e1, exercendo o cargo nos munic\u00edpios de Grandes Rios, S\u00e3o Jo\u00e3o do Iva\u00ed, Guarapuava, Laranjeiras do Sul e Arapongas. Tamb\u00e9m foi delegado-chefe da 12\u00aa Subdivis\u00e3o Policial de Jacarezinho; da 10\u00aa SDP de Londrina por 5 anos; e da 9\u00aa SDP de Maring\u00e1 por 2 anos, tendo se aposentado desta fun\u00e7\u00e3o h\u00e1 alguns meses.<\/p>\n<p><\/p>\n","protected":false},"excerpt":{"rendered":"<p>Com experi&ecirc;ncia no setor p&uacute;blico e na pol&iacute;tica, novo secret&aacute;rio &eacute; trunfo do prefeito Beto Preto<\/p>\n","protected":false},"author":4,"featured_media":0,"comment_status":"closed","ping_status":"closed","sticky":false,"template":"","format":"standard","meta":{"footnotes":""},"categories":[24],"tags":[],"class_list":["post-2499","post","type-post","status-publish","format-standard","hentry","category-noticias"],"acf":[],"_links":{"self":[{"href":"http:\/\/www.apucarana.pr.gov.br\/site\/wp-json\/wp\/v2\/posts\/2499","targetHints":{"allow":["GET"]}}],"collection":[{"href":"http:\/\/www.apucarana.pr.gov.br\/site\/wp-json\/wp\/v2\/posts"}],"about":[{"href":"http:\/\/www.apucarana.pr.gov.br\/site\/wp-json\/wp\/v2\/types\/post"}],"author":[{"embeddable":true,"href":"http:\/\/www.apucarana.pr.gov.br\/site\/wp-json\/wp\/v2\/users\/4"}],"replies":[{"embeddable":true,"href":"http:\/\/www.apucarana.pr.gov.br\/site\/wp-json\/wp\/v2\/comments?post=2499"}],"version-history":[{"count":1,"href":"http:\/\/www.apucarana.pr.gov.br\/site\/wp-json\/wp\/v2\/posts\/2499\/revisions"}],"predecessor-version":[{"id":104380,"href":"http:\/\/www.apucarana.pr.gov.br\/site\/wp-json\/wp\/v2\/posts\/2499\/revisions\/104380"}],"wp:attachment":[{"href":"http:\/\/www.apucarana.pr.gov.br\/site\/wp-json\/wp\/v2\/media?parent=2499"}],"wp:term":[{"taxonomy":"category","embeddable":true,"href":"http:\/\/www.apucarana.pr.gov.br\/site\/wp-json\/wp\/v2\/categories?post=2499"},{"taxonomy":"post_tag","embeddable":true,"href":"http:\/\/www.apucarana.pr.gov.br\/site\/wp-json\/wp\/v2\/tags?post=2499"}],"curies":[{"name":"wp","href":"https:\/\/api.w.org\/{rel}","templated":true}]}}