{"id":2498,"date":"2015-01-19T12:26:00","date_gmt":"2015-01-19T12:26:00","guid":{"rendered":"http:\/\/172.16.0.7\/site-antigo\/?p=2498"},"modified":"2024-10-08T09:10:25","modified_gmt":"2024-10-08T12:10:25","slug":"cras-da-vila-regina-vai-ganhar-sede-propria","status":"publish","type":"post","link":"http:\/\/www.apucarana.pr.gov.br\/site\/cras-da-vila-regina-vai-ganhar-sede-propria\/","title":{"rendered":"CRAS da Vila Regina vai ganhar sede pr\u00f3pria"},"content":{"rendered":"<p><p>O Munic\u00edpio de Apucarana est\u00e1 dando sequ\u00eancia \u00e0 pol\u00edtica de dotar os Centros de Refer\u00eancia da Assist\u00eancia Social (CRAS) de sede pr\u00f3pria. Nesta segunda-feira (19\/01), o prefeito Beto Preto autorizou a abertura de processo licitat\u00f3rio para a edifica\u00e7\u00e3o do CRAS da Vila Regina, que atualmente funciona em pr\u00e9dio locado. O valor m\u00e1ximo previsto para o certame \u00e9 de R$ 391.060,88. <\/p>\n<p>O ato, realizado no gabinete municipal, contou com a presen\u00e7a da secret\u00e1ria municipal de Assist\u00eancia Social, M\u00e1rcia Regina de Sousa, do secret\u00e1rio municipal de Obras, Herivelto Moreno, e do secret\u00e1rio municipal de Gest\u00e3o P\u00fablica, Nikokai Cernescu Junior. &ldquo;O pre\u00e7o m\u00e1ximo previsto na licita\u00e7\u00e3o \u00e9 de R$ 391.060,88. Desse montante, R$ 376.060,88 s\u00e3o relativos ao conv\u00eanio com o Governo Federal e os outros R$ 15 mil s\u00e3o da contrapartida do Munic\u00edpio&rdquo;, detalha Beto Preto.<\/p>\n<p>De acordo com o prefeito de Apucarana, os recursos foram garantidos recentemente em Bras\u00edlia, em audi\u00eancia mantida com a ministra de Desenvolvimento Social e Combate \u00e0 Fome, Tereza Campello, e equipe. &ldquo;Atualmente, o CRAS da Vila Regina funciona num im\u00f3vel alugado e dentro de seis meses ganhar\u00e1 sede pr\u00f3pria, com 165 metros quadrados de \u00e1rea constru\u00edda&rdquo;, destaca Beto Preto, lembrando que o CRAS do Jardim Am\u00e9rica j\u00e1 funciona em sede pr\u00f3pria e que o objetivo \u00e9 fazer o mesmo com as outras duas unidades existentes no Munic\u00edpio (Vila Reis e Vila Nova).<\/p>\n<p>Beto Preto afirma que o CRAS da Vila Regina seguir\u00e1 o projeto da unidade que est\u00e1 sendo constru\u00edda no Conjunto Habitacional Sumatra. &ldquo;Haver\u00e1 sala multiuso, sala de coordena\u00e7\u00e3o, recep\u00e7\u00e3o, sala de atendimento das fam\u00edlias, copa, almoxarifado, banheiros adaptados para funcion\u00e1rios e para o p\u00fablico, al\u00e9m de acesso externo coberto&rdquo;, cita Beto Preto, informando ainda que o CRAS da Vila Regina ser\u00e1 constru\u00eddo na Rua Natividade, esquina com a Rua Tito Cerazoli (ao lado do CMEI Sefarim Colombo).<\/p>\n<p><\/p>\n","protected":false},"excerpt":{"rendered":"<p>Unidade ter&aacute; 165 metros quadrados de &aacute;rea constru&iacute;da e investimento ser&aacute; de cerca de R$ 390 mil<\/p>\n","protected":false},"author":4,"featured_media":0,"comment_status":"closed","ping_status":"closed","sticky":false,"template":"","format":"standard","meta":{"footnotes":""},"categories":[24],"tags":[],"class_list":["post-2498","post","type-post","status-publish","format-standard","hentry","category-noticias"],"acf":[],"_links":{"self":[{"href":"http:\/\/www.apucarana.pr.gov.br\/site\/wp-json\/wp\/v2\/posts\/2498","targetHints":{"allow":["GET"]}}],"collection":[{"href":"http:\/\/www.apucarana.pr.gov.br\/site\/wp-json\/wp\/v2\/posts"}],"about":[{"href":"http:\/\/www.apucarana.pr.gov.br\/site\/wp-json\/wp\/v2\/types\/post"}],"author":[{"embeddable":true,"href":"http:\/\/www.apucarana.pr.gov.br\/site\/wp-json\/wp\/v2\/users\/4"}],"replies":[{"embeddable":true,"href":"http:\/\/www.apucarana.pr.gov.br\/site\/wp-json\/wp\/v2\/comments?post=2498"}],"version-history":[{"count":1,"href":"http:\/\/www.apucarana.pr.gov.br\/site\/wp-json\/wp\/v2\/posts\/2498\/revisions"}],"predecessor-version":[{"id":104381,"href":"http:\/\/www.apucarana.pr.gov.br\/site\/wp-json\/wp\/v2\/posts\/2498\/revisions\/104381"}],"wp:attachment":[{"href":"http:\/\/www.apucarana.pr.gov.br\/site\/wp-json\/wp\/v2\/media?parent=2498"}],"wp:term":[{"taxonomy":"category","embeddable":true,"href":"http:\/\/www.apucarana.pr.gov.br\/site\/wp-json\/wp\/v2\/categories?post=2498"},{"taxonomy":"post_tag","embeddable":true,"href":"http:\/\/www.apucarana.pr.gov.br\/site\/wp-json\/wp\/v2\/tags?post=2498"}],"curies":[{"name":"wp","href":"https:\/\/api.w.org\/{rel}","templated":true}]}}