{"id":2497,"date":"2015-01-19T11:33:00","date_gmt":"2015-01-19T11:33:00","guid":{"rendered":"http:\/\/172.16.0.7\/site-antigo\/?p=2497"},"modified":"2024-10-08T09:10:25","modified_gmt":"2024-10-08T12:10:25","slug":"prefeito-autoriza-pavimentacao-no-recanto-do-lago-ii-e-em-ligacao-de-bairro","status":"publish","type":"post","link":"http:\/\/www.apucarana.pr.gov.br\/site\/prefeito-autoriza-pavimentacao-no-recanto-do-lago-ii-e-em-ligacao-de-bairro\/","title":{"rendered":"Prefeito autoriza pavimenta\u00e7\u00e3o no Recanto do Lago II e em liga\u00e7\u00e3o de bairro"},"content":{"rendered":"<\/p>\n<p>Mais duas obras de pavimenta\u00e7\u00e3o foram autorizadas nesta segunda-feira (19\/01) pelo prefeito de Apucarana, Beto Preto. Uma delas beneficia cinco ruas localizadas no Loteamento Residencial Recanto do Lago II e a outra contemplar\u00e1 trecho da Rua Jos\u00e9 Beltoni, que faz a liga\u00e7\u00e3o entre os jardins Marissol e Casagrande. O valor m\u00e1ximo da licita\u00e7\u00e3o ser\u00e1 de R$ 579.371,88.<\/p>\n<p>O of\u00edcio assinado pelo prefeito de Apucarana autoriza a abertura do processo licitat\u00f3rio para a contrata\u00e7\u00e3o de empresa de engenharia para execu\u00e7\u00e3o de servi\u00e7os de pavimenta\u00e7\u00e3o em CBUQ, drenagem, cal\u00e7adas e sinaliza\u00e7\u00e3o vi\u00e1ria. O ato, realizado no gabinete municipal, contou ainda com a presen\u00e7a do secret\u00e1rio municipal de Obras, Herivelto Moreno, e do secret\u00e1rio municipal de Gest\u00e3o P\u00fablica, Nikolai Cernescu Junior. <\/p>\n<p>De acordo com o prefeito de Apucarana, os recursos s\u00e3o provenientes de emenda parlamentar e ser\u00e3o liberados atrav\u00e9s do Minist\u00e9rio das Cidades. &ldquo;O pre\u00e7o m\u00e1ximo previsto na licita\u00e7\u00e3o \u00e9 de R$ 579.371,88. Desse montante, R$ 394.200 s\u00e3o relativos ao conv\u00eanio com o Governo Federal e os outros R$ 185.171,88 s\u00e3o da contrapartida do Munic\u00edpio&rdquo;, detalha Beto Preto, lembrando que somente no Loteamento Residencial Recanto do Lago II ser\u00e3o beneficiadas diretamente cerca de 600 fam\u00edlias. <\/p>\n<p>A empresa que for a vencedora do processo licitat\u00f3rio ter\u00e1 prazo de 120 dias para executar as duas obras. Beto Preto destaca que o Loteamento Residencial Recanto do Lago II \u00e9 mais um bairro da cidade em que as ruas n\u00e3o est\u00e3o pavimentadas e que, em breve, ficar\u00e1 livre do drama do barro e da poeira. &ldquo;J\u00e1 a Rua Jos\u00e9 Beltoni \u00e9 mais uma liga\u00e7\u00e3o de bairro que estaremos pavimentando. &Eacute; um trecho de cerca de 250 metros lineares, que faz liga\u00e7\u00e3o entre o Jardim Marissol e o Jardim Casagrande, entre as ruas Rafael Sorpili e Ouro Verde&rdquo;, explica Beto Preto.<\/p>\n<p>Segundo o engenheiro Herivelto Moreno, a \u00e1rea total que ser\u00e1 pavimentada nos dois locais \u00e9 de 6.490 metros quadrados. &ldquo;Ser\u00e3o colocados 456 metros lineares de tubula\u00e7\u00e3o para escoamento da \u00e1gua das chuvas, com galerias de 40 cent\u00edmetros e 60 cent\u00edmetros de di&acirc;metro&rdquo;, esclarece o secret\u00e1rio municipal de Obras. <\/p>\n<p><b>RUAS CONTEMPLADAS<\/b><\/p>\n<p><b>Rua                            &Aacute;rea pavimentada (em m<sup>2<\/sup>)<\/b><\/p>\n<p>Rua Avestruz                    926,40<\/p>\n<p>Rua Jaburu                      752,20<\/p>\n<p>Rua P\u00e1ssaro Preto                587,05<\/p>\n<p><p>Rua Curi\u00f3 e prolongamento         1.923,05<\/p>\n<p><span style=\"letter-spacing: -0.02em; line-height: 1.45em;\">Rua Jos\u00e9 Beltoni                  2.302,26<\/span><\/p>\n<\/p>\n<p>                      <b>TOTAL: 6.490,96 m<sup>2<\/sup><\/b><\/p>\n<\/p>\n<p><\/p>\n","protected":false},"excerpt":{"rendered":"<p>Servi&ccedil;os envolvem pavimenta&ccedil;&atilde;o em CBUQ, drenagem, cal&ccedil;adas e sinaliza&ccedil;&atilde;o vi&aacute;ria<\/p>\n","protected":false},"author":4,"featured_media":0,"comment_status":"closed","ping_status":"closed","sticky":false,"template":"","format":"standard","meta":{"footnotes":""},"categories":[24],"tags":[],"class_list":["post-2497","post","type-post","status-publish","format-standard","hentry","category-noticias"],"acf":[],"_links":{"self":[{"href":"http:\/\/www.apucarana.pr.gov.br\/site\/wp-json\/wp\/v2\/posts\/2497","targetHints":{"allow":["GET"]}}],"collection":[{"href":"http:\/\/www.apucarana.pr.gov.br\/site\/wp-json\/wp\/v2\/posts"}],"about":[{"href":"http:\/\/www.apucarana.pr.gov.br\/site\/wp-json\/wp\/v2\/types\/post"}],"author":[{"embeddable":true,"href":"http:\/\/www.apucarana.pr.gov.br\/site\/wp-json\/wp\/v2\/users\/4"}],"replies":[{"embeddable":true,"href":"http:\/\/www.apucarana.pr.gov.br\/site\/wp-json\/wp\/v2\/comments?post=2497"}],"version-history":[{"count":1,"href":"http:\/\/www.apucarana.pr.gov.br\/site\/wp-json\/wp\/v2\/posts\/2497\/revisions"}],"predecessor-version":[{"id":104382,"href":"http:\/\/www.apucarana.pr.gov.br\/site\/wp-json\/wp\/v2\/posts\/2497\/revisions\/104382"}],"wp:attachment":[{"href":"http:\/\/www.apucarana.pr.gov.br\/site\/wp-json\/wp\/v2\/media?parent=2497"}],"wp:term":[{"taxonomy":"category","embeddable":true,"href":"http:\/\/www.apucarana.pr.gov.br\/site\/wp-json\/wp\/v2\/categories?post=2497"},{"taxonomy":"post_tag","embeddable":true,"href":"http:\/\/www.apucarana.pr.gov.br\/site\/wp-json\/wp\/v2\/tags?post=2497"}],"curies":[{"name":"wp","href":"https:\/\/api.w.org\/{rel}","templated":true}]}}