{"id":2496,"date":"2015-01-16T18:00:59","date_gmt":"2015-01-16T18:00:59","guid":{"rendered":"http:\/\/172.16.0.7\/site-antigo\/?p=2496"},"modified":"2024-10-08T09:10:25","modified_gmt":"2024-10-08T12:10:25","slug":"miss-terceira-idade-reune-19-candidatas","status":"publish","type":"post","link":"http:\/\/www.apucarana.pr.gov.br\/site\/miss-terceira-idade-reune-19-candidatas\/","title":{"rendered":"Miss Terceira Idade re\u00fane 19 candidatas"},"content":{"rendered":"<\/p>\n<p><span style=\"letter-spacing: -0.02em; line-height: 1.45em; background-color: initial;\">Parte da programa\u00e7\u00e3o do anivers\u00e1rio de 71 anos da cidade, a segunda edi\u00e7\u00e3o do concurso Miss Apucarana Terceira Idade ser\u00e1 realizada no pr\u00f3ximo dia 30, no Cine Teatro F\u00eanix. As 19 candidatas do concurso se reuniram hoje para gravar v\u00eddeo enquanto participavam de um piquenique na Associa\u00e7\u00e3o Cultural e Esportiva de Apucarana (ACEA).<\/span><\/p>\n<p>A organiza\u00e7\u00e3o do concurso, a cargo das secretarias de Assist\u00eancia Social e <span>de Promo\u00e7\u00e3o Art\u00edstica, Cultural e Tur\u00edstica de Apucarana, lembra que os ingressos come\u00e7am a ser distribu\u00eddos na pr\u00f3xima segunda-feira (19), no Cine Teatro F\u00eanix, entre 9 e 17 horas. &ldquo;Ser\u00e3o entregues apenas dois convites por pessoa, lembrando que a capacidade do teatro \u00e9 de 480 lugares&rdquo;, informa Orisvaldo C\u00e9sar, diretor Art\u00edstico e de Projetos da Secretaria Municipal de Promo\u00e7\u00e3o Art\u00edstica, Cultural e Tur\u00edstica.<\/span><\/p>\n<p>Orisvado explica que as candidatas v\u00e3o desfilar duas vezes. A primeira com fantasia, numa refer\u00eancia ao carnaval, e a segunda, com traje social baseado no figurino do teatro musical Fantasma da &Oacute;pera. Com idades que variam de 60 a 84 anos, as participantes do concurso cumprem uma nova agenda antes do concurso. Na pr\u00f3xima quarta-feira (21), elas participam de um almo\u00e7o com o prefeito Beto Preto e a primeira dama Adriana Gon\u00e7alves, no Cine Teatro F\u00eanix.<\/p>\n<p>A Miss Apucarana Terceira Idade 2014, Z\u00e9lia Correia, de 66 anos, fala da experi\u00eancia de vencer um concurso de beleza voltado a mulheres acima de 60 anos. &ldquo;Foi muito bom. Fiz novas amizades e tive participa\u00e7\u00e3o em v\u00e1rios eventos. Esse t\u00edtulo trouxe um ritmo mais intenso em minha vida&rdquo;, declara.<\/p>\n<p>Candidatas do t\u00edtulo Miss Apucarana Terceira Idade 2015:<\/p>\n<p><span>1.Ana Alves dos Santos &ndash; 74 anos<\/span><\/p>\n<p>2.Aparecida Nogueira da Silva &ndash; 67 anos<\/p>\n<p>3.Antonia do Carmo &ndash; 68 anos<\/p>\n<p>4.Diva Ferreira Gravena &ndash; 68 anos<\/p>\n<p>5.Elizabeth Roncaglia &ndash; 60 anos<\/p>\n<p>6.Ludia Martins Mathias &ndash; 80 anos<\/p>\n<p>7.Luzia Bolonhezi &ndash; 76 anos<\/p>\n<p>8.Maria Aparecida Guisso &ndash; 60 anos<\/p>\n<p>9.Maria Aparecida Rampazo &ndash; 70 anos<\/p>\n<p>10.Maria da Silva Ramos &ndash; 83 anos<\/p>\n<p>11.Maria Dias &ndash; 65 anos<\/p>\n<p>12.Maria Jos\u00e9 Fedre &ndash; 70 anos<\/p>\n<p>13.Maria Jos\u00e9 Gon\u00e7alles &ndash; 64 anos<\/p>\n<p>14.Maria Nilza Silveira dos Santos &ndash; 69 anos<\/p>\n<p>15.Nelci Schemmer &ndash; 65 anos<\/p>\n<p>16.Noemia Domingues &ndash; 61 anos<\/p>\n<p>17.Palmira Fernandes &ndash; 66 anos<\/p>\n<p>18.Tereza de Lurdes Arag\u00e3o &ndash; 74 anos<\/p>\n<p>19.Terezinha Cazagrande &ndash; 64 anos<\/p>\n<p><\/p>\n","protected":false},"excerpt":{"rendered":"<p>Evento vai acontecer no dia 30 de janeiro, no Cine Teatro F&ecirc;nix<\/p>\n","protected":false},"author":4,"featured_media":0,"comment_status":"closed","ping_status":"closed","sticky":false,"template":"","format":"standard","meta":{"footnotes":""},"categories":[24],"tags":[],"class_list":["post-2496","post","type-post","status-publish","format-standard","hentry","category-noticias"],"acf":[],"_links":{"self":[{"href":"http:\/\/www.apucarana.pr.gov.br\/site\/wp-json\/wp\/v2\/posts\/2496","targetHints":{"allow":["GET"]}}],"collection":[{"href":"http:\/\/www.apucarana.pr.gov.br\/site\/wp-json\/wp\/v2\/posts"}],"about":[{"href":"http:\/\/www.apucarana.pr.gov.br\/site\/wp-json\/wp\/v2\/types\/post"}],"author":[{"embeddable":true,"href":"http:\/\/www.apucarana.pr.gov.br\/site\/wp-json\/wp\/v2\/users\/4"}],"replies":[{"embeddable":true,"href":"http:\/\/www.apucarana.pr.gov.br\/site\/wp-json\/wp\/v2\/comments?post=2496"}],"version-history":[{"count":1,"href":"http:\/\/www.apucarana.pr.gov.br\/site\/wp-json\/wp\/v2\/posts\/2496\/revisions"}],"predecessor-version":[{"id":104383,"href":"http:\/\/www.apucarana.pr.gov.br\/site\/wp-json\/wp\/v2\/posts\/2496\/revisions\/104383"}],"wp:attachment":[{"href":"http:\/\/www.apucarana.pr.gov.br\/site\/wp-json\/wp\/v2\/media?parent=2496"}],"wp:term":[{"taxonomy":"category","embeddable":true,"href":"http:\/\/www.apucarana.pr.gov.br\/site\/wp-json\/wp\/v2\/categories?post=2496"},{"taxonomy":"post_tag","embeddable":true,"href":"http:\/\/www.apucarana.pr.gov.br\/site\/wp-json\/wp\/v2\/tags?post=2496"}],"curies":[{"name":"wp","href":"https:\/\/api.w.org\/{rel}","templated":true}]}}