{"id":2495,"date":"2015-01-15T20:19:59","date_gmt":"2015-01-15T20:19:59","guid":{"rendered":"http:\/\/172.16.0.7\/site-antigo\/?p=2495"},"modified":"2024-10-08T09:10:25","modified_gmt":"2024-10-08T12:10:25","slug":"frota-municipal-ganha-mais-sete-veiculos","status":"publish","type":"post","link":"http:\/\/www.apucarana.pr.gov.br\/site\/frota-municipal-ganha-mais-sete-veiculos\/","title":{"rendered":"Frota municipal ganha mais sete ve\u00edculos"},"content":{"rendered":"<\/p>\n<p><span style=\"letter-spacing: -0.02em; line-height: 1.45em; background-color: initial;\">O processo de renova\u00e7\u00e3o da frota municipal iniciada na administra\u00e7\u00e3o do prefeito Beto Preto ganhou um grande refor\u00e7o hoje, com a entrega de mais sete ve\u00edculos em solenidade prestigiada pela senadora Gleisi Hoffman e do deputado federal &Ecirc;nio Verri. No evento, realizado em frente \u00e0 C&acirc;mara Municipal com a presen\u00e7a de vereadores e demais autoridades municipais, foram entregues as chaves de seis carros \u00e0 Autarquia Municipal de Educa\u00e7\u00e3o (AME) e um para o Conselho Tutelar.<\/span><\/p>\n<p>A \u00e1rea da educa\u00e7\u00e3o foi contemplada com um caminh\u00e3o Volkswagen Costelation, do tipo &ldquo;ba\u00fa&rdquo;, destinado ao transporte de equipamentos e merenda escolar, um &ocirc;nibus escolar; duas caminhonetes Volkswagen Saveiro, sendo uma para o setor de engenharia da AME e outra para a \u00e1rea de Tecnologia da Informa\u00e7\u00e3o T.I. da AME; al\u00e9m de mais dois autom\u00f3veis, sendo um Volkswagen Gol para a equipe pedag\u00f3gica e um Chevrolet Prisma para atendimentos externos da dire\u00e7\u00e3o da autarquia de educa\u00e7\u00e3o.<\/p>\n<p>J\u00e1 o Conselho Tutelar passa a dispor de um carro pr\u00f3prio para atendimentos diversos na cidade, recebendo uma minivan Chevrolet Spin. No total o investimento \u00e9 de R$ 564 mil, envolvendo recursos pr\u00f3prios da prefeitura e do governo federal, atrav\u00e9s do Fundo de Manuten\u00e7\u00e3o e Desenvolvimento da Educa\u00e7\u00e3o B\u00e1sica e de Valoriza\u00e7\u00e3o dos Profissionais da Educa\u00e7\u00e3o (FUNDEB). <\/p>\n<p>&ldquo;Em dois anos da nossa gest\u00e3o j\u00e1 foram comprados 51 autom\u00f3veis, &ocirc;nibus, micro-&ocirc;nibus, caminhonetes e motos, renovando a frota municipal para atender a demanda de servi\u00e7os em diversas secretarias, num investimento que j\u00e1 ultrapassa a casa de R$ 4,3 milh\u00f5es&rdquo;, observou o prefeito Beto Preto.<\/p>\n<p>A senadora Gleisi Hoffman destacou a j\u00e1 consolidada parceria da atual administra\u00e7\u00e3o municipal de Apucarana com o governo federal. &ldquo;Venho aqui hoje para trazer mais um resultado dessa parceria e estou l\u00e1 em Bras\u00edlia trabalhando junto com o prefeito Beto Preto para continuar obtendo mais recursos para o munic\u00edpio. A prefeitura est\u00e1 fazendo a sua parte, apresentando projetos e buscando apoio mobilizando seus representantes na c&acirc;mara federal e no senado&rdquo;, disse a senadora. &ldquo;Vou voltar aqui em breve para lan\u00e7ar o programa &ldquo;Mais Especialidades&rdquo;, que <span>ser\u00e1 uma rede de cl\u00ednicas com especialistas e exames de apoio diagn\u00f3stico para acabar com a espera e a demora nos atendimentos. Temos uma emenda de R$ 500 mil para sa\u00fade aqui para o munic\u00edpio de Apucarana, sem contar com a inclus\u00e3o de Apucarana na libera\u00e7\u00e3o de novos recursos dentro do Programa Minha Casa Minha Vida&rdquo;, relacionou Gleisi.<\/span><\/p>\n<p>Na mesma linha de discurso, o deputado &Ecirc;nio Verri afirmou que Apucarana est\u00e1 no mapa de prioridades do Governo Dilma. &ldquo;A cidade tem um grande potencial para receber recursos e aliamos a essa condi\u00e7\u00e3o favor\u00e1vel os esfor\u00e7os da administra\u00e7\u00e3o municipal, de deputados e senadores na luta para a cidade receba mais recursos de emendas e de projetos. Renovo aqui meu compromisso por Apucarana na C&acirc;mara Federal. Se muito foi feito nestes 25 meses de mandato do prefeito Beto Preto, o futuro ser\u00e1 ainda maior&rdquo;, afirmou Verri.<\/p>\n<p>Beto Preto considerou a conquista de novos ve\u00edculos para frota municipal como mais um presente dos 71 anos do anivers\u00e1rio da cidade. Ao agradecer o apoio de Gleisi Hoffman enquanto ocupava o cargo de ministra-chefe da Casa Civil bem como agora como senadora, e do deputado Verri, o prefeito enfatizou a grande parcela de participa\u00e7\u00e3o do Governo Federal nos investimentos realizados na sua gest\u00e3o nas mais diversas \u00e1reas, em especial na habita\u00e7\u00e3o e asfalto. <\/p>\n<p>&ldquo;Em dois anos estamos fazendo o maior programa de habita\u00e7\u00e3o da hist\u00f3ria do munic\u00edpio. E este \u00e9 o ano de Apucarana. Nos pr\u00f3ximos dias vamos liberar um pacote de R$ 4 milh\u00f5es de economia de recursos pr\u00f3prios para fazer pavimenta\u00e7\u00e3o asf\u00e1ltica. Nos pr\u00f3ximos meses teremos o PAC 2, de R$ 6 milh\u00f5es, sendo R$ 5 milh\u00f5es do Governo Federal e R$ 1 milh\u00e3o de contrapartida da prefeitura, para pavimentar bairros que ainda n\u00e3o foram asfaltados. Ainda, at\u00e9 o final do primeiro semestre vamos liberar projetos de mais R$ 9 milh\u00f5es tamb\u00e9m para pavimenta\u00e7\u00e3o asf\u00e1ltica. S\u00e3o obras para come\u00e7ar neste ano porque temos o compromisso de n\u00e3o lan\u00e7ar mais asfalto em 2016 para que as pessoas n\u00e3o confundam com iniciativas de cunho eleitoreiro&rdquo;, anunciou Beto Preto. <\/p>\n<p><\/p>\n","protected":false},"excerpt":{"rendered":"<p>Solenidade de entrega foi prestigiada pela senadora Gleisi Hoffman e pelo deputado federal &Ecirc;nio Verri<\/p>\n","protected":false},"author":4,"featured_media":0,"comment_status":"closed","ping_status":"closed","sticky":false,"template":"","format":"standard","meta":{"footnotes":""},"categories":[24],"tags":[],"class_list":["post-2495","post","type-post","status-publish","format-standard","hentry","category-noticias"],"acf":[],"_links":{"self":[{"href":"http:\/\/www.apucarana.pr.gov.br\/site\/wp-json\/wp\/v2\/posts\/2495","targetHints":{"allow":["GET"]}}],"collection":[{"href":"http:\/\/www.apucarana.pr.gov.br\/site\/wp-json\/wp\/v2\/posts"}],"about":[{"href":"http:\/\/www.apucarana.pr.gov.br\/site\/wp-json\/wp\/v2\/types\/post"}],"author":[{"embeddable":true,"href":"http:\/\/www.apucarana.pr.gov.br\/site\/wp-json\/wp\/v2\/users\/4"}],"replies":[{"embeddable":true,"href":"http:\/\/www.apucarana.pr.gov.br\/site\/wp-json\/wp\/v2\/comments?post=2495"}],"version-history":[{"count":1,"href":"http:\/\/www.apucarana.pr.gov.br\/site\/wp-json\/wp\/v2\/posts\/2495\/revisions"}],"predecessor-version":[{"id":104384,"href":"http:\/\/www.apucarana.pr.gov.br\/site\/wp-json\/wp\/v2\/posts\/2495\/revisions\/104384"}],"wp:attachment":[{"href":"http:\/\/www.apucarana.pr.gov.br\/site\/wp-json\/wp\/v2\/media?parent=2495"}],"wp:term":[{"taxonomy":"category","embeddable":true,"href":"http:\/\/www.apucarana.pr.gov.br\/site\/wp-json\/wp\/v2\/categories?post=2495"},{"taxonomy":"post_tag","embeddable":true,"href":"http:\/\/www.apucarana.pr.gov.br\/site\/wp-json\/wp\/v2\/tags?post=2495"}],"curies":[{"name":"wp","href":"https:\/\/api.w.org\/{rel}","templated":true}]}}