{"id":2494,"date":"2015-01-15T11:06:00","date_gmt":"2015-01-15T11:06:00","guid":{"rendered":"http:\/\/172.16.0.7\/site-antigo\/?p=2494"},"modified":"2024-10-08T09:10:25","modified_gmt":"2024-10-08T12:10:25","slug":"pm-e-guarda-municipal-vao-reforcar-seguranca-na-festa-de-aniversario","status":"publish","type":"post","link":"http:\/\/www.apucarana.pr.gov.br\/site\/pm-e-guarda-municipal-vao-reforcar-seguranca-na-festa-de-aniversario\/","title":{"rendered":"PM e Guarda Municipal v\u00e3o refor\u00e7ar seguran\u00e7a na festa de anivers\u00e1rio"},"content":{"rendered":"<p><span style=\"letter-spacing: -0.02em; line-height: 1.45em; background-color: initial;\">Representantes da Pol\u00edcia Militar, da Guarda Municipal e da comiss\u00e3o organizadora discutiram nesta quinta-feira (15\/01) o esquema de seguran\u00e7a para a festa de anivers\u00e1rio, que acontece de 25 a 28 de janeiro, na Pra\u00e7a Rui Barbosa. Al\u00e9m do refor\u00e7o no efetivo para o policiamento ostensivo na \u00e1rea central, a PM dever\u00e1 utilizar o m\u00f3dulo m\u00f3vel e motos da Rotam (Rondas Ostensivas T\u00e1ticas Motorizadas) e do setor de Tr&acirc;nsito. J\u00e1 a Guarda Municipal, al\u00e9m do apoio \u00e0 PM, vai fazer a interdi\u00e7\u00e3o de ruas pr\u00f3ximas ao local dos shows.<\/span><\/p>\n<p>O encontro aconteceu na Prefeitura de Apucarana e foi coordenado pelo procurador jur\u00eddico do Munic\u00edpio, Paulo Vital. Representando o 10\u00ba Batalh\u00e3o de Pol\u00edcia Militar (BPM), estiveram presentes o capit\u00e3o Rog\u00e9rio Martins Ribeiro, o capit\u00e3o Israel Aparecido de Carvalho e o sargento Daniel Rodrigo de Souza. Tamb\u00e9m participaram do encontro o comandante da Guarda Municipal de Apucarana (GMA), Ata\u00edde Pantale\u00e3o, e o secret\u00e1rio municipal de Gest\u00e3o P\u00fablica, Nikolai Cernescu Junior.<\/p>\n<p>O procurador jur\u00eddico do Munic\u00edpio lembra que o encontro \u00e9 mais uma a\u00e7\u00e3o de planejamento e organiza\u00e7\u00e3o dos festejos alusivos aos 71 anos de Apucarana. &ldquo;Nesta semana j\u00e1 tivemos uma reuni\u00e3o para definir a forma de participa\u00e7\u00e3o dos feirantes e agora estamos tratando das quest\u00f5es de seguran\u00e7a, especialmente nos dias de shows, quando h\u00e1 uma grande aglomera\u00e7\u00e3o de pessoas&rdquo;, afirma Paulo Vital, informando que o palco ser\u00e1 montado no espa\u00e7o que fica em frente \u00e0 loja Pernambucanas, enquanto os boxes para os feirantes ficar\u00e3o ao lado dos espelhos d&acute;\u00e1gua, pr\u00f3ximo do m\u00f3dulo policial da PM.<\/p>\n<p>A Prefeitura tamb\u00e9m vai contratar seguran\u00e7as privados, com efetivo que vai variar em cada atra\u00e7\u00e3o e ser\u00e1 refor\u00e7ado para o show principal, com C\u00e9zar Menotti e Fabiano, no dia 28 de janeiro. &ldquo;Esperamos que tudo transcorra dentro da normalidade. &Eacute; um evento que vai atrair um grande n\u00famero de pessoas de Apucarana e da regi\u00e3o. Estamos buscando fazer o planejamento adequado, com a presen\u00e7a da Pol\u00edcia Militar e atuando na preven\u00e7\u00e3o. Com o nosso efetivo postado, isso vai gerar uma sensa\u00e7\u00e3o de seguran\u00e7a e mais tranquilidade para as pessoas que participar\u00e3o da festa&rdquo;, avalia o capit\u00e3o Rog\u00e9rio Martins Ribeiro, do 10\u00ba Batalh\u00e3o de Pol\u00edcia Militar.<\/p>\n<p><b>SHOWS &#8211;<\/b> A programa\u00e7\u00e3o de shows alusivos aos 71 anos de emancipa\u00e7\u00e3o pol\u00edtica e administrativa de Apucarana come\u00e7a no dia 25, com Vitor e Vanuti (The Voice Brasil) e tem sequ\u00eancia no dia 26, com a Banda Metr\u00f3pole, dia 27, com Marciano (da dupla Jo\u00e3o Mineiro e Marciano), e ser\u00e1 finaliza no dia 28 com C\u00e9zar Menotti e Fabiano. Todos os shows come\u00e7am \u00e0s 21 horas e as apresenta\u00e7\u00f5es v\u00e3o ocorrer em palco que ser\u00e1 montado na Pra\u00e7a Rui Barbosa. J\u00e1 a interdi\u00e7\u00e3o de ruas pr\u00f3ximas ao local das apresenta\u00e7\u00f5es art\u00edsticas iniciar\u00e1 a partir das 19 horas.<\/p>\n<p>.<\/p>\n<p><\/p>\n","protected":false},"excerpt":{"rendered":"<p>Al&eacute;m de seguran&ccedil;as privados, festa contar&aacute; com atua&ccedil;&atilde;o ostensiva da Pol&iacute;cia Militar<\/p>\n","protected":false},"author":4,"featured_media":0,"comment_status":"closed","ping_status":"closed","sticky":false,"template":"","format":"standard","meta":{"footnotes":""},"categories":[24],"tags":[],"class_list":["post-2494","post","type-post","status-publish","format-standard","hentry","category-noticias"],"acf":[],"_links":{"self":[{"href":"http:\/\/www.apucarana.pr.gov.br\/site\/wp-json\/wp\/v2\/posts\/2494","targetHints":{"allow":["GET"]}}],"collection":[{"href":"http:\/\/www.apucarana.pr.gov.br\/site\/wp-json\/wp\/v2\/posts"}],"about":[{"href":"http:\/\/www.apucarana.pr.gov.br\/site\/wp-json\/wp\/v2\/types\/post"}],"author":[{"embeddable":true,"href":"http:\/\/www.apucarana.pr.gov.br\/site\/wp-json\/wp\/v2\/users\/4"}],"replies":[{"embeddable":true,"href":"http:\/\/www.apucarana.pr.gov.br\/site\/wp-json\/wp\/v2\/comments?post=2494"}],"version-history":[{"count":1,"href":"http:\/\/www.apucarana.pr.gov.br\/site\/wp-json\/wp\/v2\/posts\/2494\/revisions"}],"predecessor-version":[{"id":104385,"href":"http:\/\/www.apucarana.pr.gov.br\/site\/wp-json\/wp\/v2\/posts\/2494\/revisions\/104385"}],"wp:attachment":[{"href":"http:\/\/www.apucarana.pr.gov.br\/site\/wp-json\/wp\/v2\/media?parent=2494"}],"wp:term":[{"taxonomy":"category","embeddable":true,"href":"http:\/\/www.apucarana.pr.gov.br\/site\/wp-json\/wp\/v2\/categories?post=2494"},{"taxonomy":"post_tag","embeddable":true,"href":"http:\/\/www.apucarana.pr.gov.br\/site\/wp-json\/wp\/v2\/tags?post=2494"}],"curies":[{"name":"wp","href":"https:\/\/api.w.org\/{rel}","templated":true}]}}